{"id":85,"date":"2012-06-04T14:07:00","date_gmt":"2012-06-04T14:07:00","guid":{"rendered":"https:\/\/esthergordocaligrafia.com\/alcuino-en-relieve\/"},"modified":"2023-05-11T12:06:42","modified_gmt":"2023-05-11T12:06:42","slug":"alcuino-en-relieve","status":"publish","type":"post","link":"http:\/\/estherg3-cp6.wordpresstemporal.com\/esthergordocaligrafia.com\/alcuino-en-relieve\/","title":{"rendered":"Alcuino en relieve"},"content":{"rendered":"<p><a href=\"https:\/\/esthergordocaligrafia.com\/wp-content\/uploads\/2012\/06\/Alcuino-252520en-252520relieve_img_1.jpg\"><img loading=\"lazy\" decoding=\"async\" style=\"display: block; margin: 0px auto 10px;\" src=\"https:\/\/esthergordocaligrafia.com\/wp-content\/uploads\/2012\/06\/Alcuino-252520en-252520relieve_img_1.jpg\" alt=\"\" width=\"320\" height=\"320\" \/><\/a><br \/>\nPara los diplomas de los cursos de Urue\u00f1a.<br \/>\nVaciado con gubias en lin\u00f3leo, invertido, y pasado por el t\u00f3rculo.<\/p>\n","protected":false},"excerpt":{"rendered":"<p>Para los diplomas de los cursos de Urue\u00f1a. Vaciado con gubias en lin\u00f3leo, invertido, y pasado por el t\u00f3rculo.<\/p>\n","protected":false},"author":1,"featured_media":0,"comment_status":"open","ping_status":"open","sticky":false,"template":"","format":"standard","meta":{"_mi_skip_tracking":false,"footnotes":""},"categories":[53],"tags":[126],"yoast_head":"<!-- This site is optimized with the Yoast SEO plugin v16.2 - https:\/\/yoast.com\/wordpress\/plugins\/seo\/ -->\n<title>Alcuino en relieve - Esther Gordo Caligraf\u00eda<\/title>\n<meta name=\"robots\" content=\"index, follow, max-snippet:-1, max-image-preview:large, max-video-preview:-1\" \/>\n<link rel=\"canonical\" href=\"http:\/\/estherg3-cp6.wordpresstemporal.com\/esthergordocaligrafia.com\/alcuino-en-relieve\/\" \/>\n<meta property=\"og:locale\" content=\"es_ES\" \/>\n<meta property=\"og:type\" content=\"article\" \/>\n<meta property=\"og:title\" content=\"Alcuino en relieve - Esther Gordo Caligraf\u00eda\" \/>\n<meta property=\"og:description\" content=\"Para los diplomas de los cursos de Urue\u00f1a. Vaciado con gubias en lin\u00f3leo, invertido, y pasado por el t\u00f3rculo.\" \/>\n<meta property=\"og:url\" content=\"http:\/\/estherg3-cp6.wordpresstemporal.com\/esthergordocaligrafia.com\/alcuino-en-relieve\/\" \/>\n<meta property=\"og:site_name\" content=\"Esther Gordo Caligraf\u00eda\" \/>\n<meta property=\"article:publisher\" content=\"https:\/\/www.facebook.com\/EstherGordoCaligrafia\" \/>\n<meta property=\"article:author\" content=\"https:\/\/www.facebook.com\/EstherGordoCaligrafia\" \/>\n<meta property=\"article:published_time\" content=\"2012-06-04T14:07:00+00:00\" \/>\n<meta property=\"article:modified_time\" content=\"2023-05-11T12:06:42+00:00\" \/>\n<meta property=\"og:image\" content=\"https:\/\/esthergordocaligrafia.com\/wp-content\/uploads\/2012\/06\/Alcuino-252520en-252520relieve_img_1.jpg\" \/>\n<script type=\"application\/ld+json\" class=\"yoast-schema-graph\">{\"@context\":\"https:\/\/schema.org\",\"@graph\":[{\"@type\":\"WebSite\",\"@id\":\"https:\/\/esthergordocaligrafia.com\/#website\",\"url\":\"https:\/\/esthergordocaligrafia.com\/\",\"name\":\"Esther Gordo Caligraf\\u00eda\",\"description\":\"Trabajos caligr\\u00e1ficos. Cursos de caligraf\\u00eda.\",\"potentialAction\":[{\"@type\":\"SearchAction\",\"target\":\"https:\/\/esthergordocaligrafia.com\/?s={search_term_string}\",\"query-input\":\"required name=search_term_string\"}],\"inLanguage\":\"es\"},{\"@type\":\"ImageObject\",\"@id\":\"http:\/\/estherg3-cp6.wordpresstemporal.com\/esthergordocaligrafia.com\/alcuino-en-relieve\/#primaryimage\",\"inLanguage\":\"es\",\"url\":\"https:\/\/esthergordocaligrafia.com\/wp-content\/uploads\/2012\/06\/Alcuino-252520en-252520relieve_img_1.jpg\",\"contentUrl\":\"https:\/\/esthergordocaligrafia.com\/wp-content\/uploads\/2012\/06\/Alcuino-252520en-252520relieve_img_1.jpg\"},{\"@type\":\"WebPage\",\"@id\":\"http:\/\/estherg3-cp6.wordpresstemporal.com\/esthergordocaligrafia.com\/alcuino-en-relieve\/#webpage\",\"url\":\"http:\/\/estherg3-cp6.wordpresstemporal.com\/esthergordocaligrafia.com\/alcuino-en-relieve\/\",\"name\":\"Alcuino en relieve - Esther Gordo Caligraf\\u00eda\",\"isPartOf\":{\"@id\":\"https:\/\/esthergordocaligrafia.com\/#website\"},\"primaryImageOfPage\":{\"@id\":\"http:\/\/estherg3-cp6.wordpresstemporal.com\/esthergordocaligrafia.com\/alcuino-en-relieve\/#primaryimage\"},\"datePublished\":\"2012-06-04T14:07:00+00:00\",\"dateModified\":\"2023-05-11T12:06:42+00:00\",\"author\":{\"@id\":\"https:\/\/esthergordocaligrafia.com\/#\/schema\/person\/9fc6722578437d3cf7bab1031997b5f5\"},\"breadcrumb\":{\"@id\":\"http:\/\/estherg3-cp6.wordpresstemporal.com\/esthergordocaligrafia.com\/alcuino-en-relieve\/#breadcrumb\"},\"inLanguage\":\"es\",\"potentialAction\":[{\"@type\":\"ReadAction\",\"target\":[\"http:\/\/estherg3-cp6.wordpresstemporal.com\/esthergordocaligrafia.com\/alcuino-en-relieve\/\"]}]},{\"@type\":\"BreadcrumbList\",\"@id\":\"http:\/\/estherg3-cp6.wordpresstemporal.com\/esthergordocaligrafia.com\/alcuino-en-relieve\/#breadcrumb\",\"itemListElement\":[{\"@type\":\"ListItem\",\"position\":1,\"item\":{\"@type\":\"WebPage\",\"@id\":\"https:\/\/esthergordocaligrafia.com\/\",\"url\":\"https:\/\/esthergordocaligrafia.com\/\",\"name\":\"Portada\"}},{\"@type\":\"ListItem\",\"position\":2,\"item\":{\"@id\":\"http:\/\/estherg3-cp6.wordpresstemporal.com\/esthergordocaligrafia.com\/alcuino-en-relieve\/#webpage\"}}]},{\"@type\":\"Person\",\"@id\":\"https:\/\/esthergordocaligrafia.com\/#\/schema\/person\/9fc6722578437d3cf7bab1031997b5f5\",\"name\":\"Esther Gordo\",\"image\":{\"@type\":\"ImageObject\",\"@id\":\"https:\/\/esthergordocaligrafia.com\/#personlogo\",\"inLanguage\":\"es\",\"url\":\"http:\/\/0.gravatar.com\/avatar\/c37a5f0b76d6f9f390919cd73cc176c3?s=96&d=mm&r=g\",\"contentUrl\":\"http:\/\/0.gravatar.com\/avatar\/c37a5f0b76d6f9f390919cd73cc176c3?s=96&d=mm&r=g\",\"caption\":\"Esther Gordo\"},\"description\":\"Caligraf\\u00eda. Trabajos caligr\\u00e1ficos. Cursos de caligraf\\u00eda.\",\"sameAs\":[\"https:\/\/esthergordocaligrafia.com\",\"https:\/\/www.facebook.com\/EstherGordoCaligrafia\",\"https:\/\/twitter.com\/gordoesther\"]}]}<\/script>\n<!-- \/ Yoast SEO plugin. -->","_links":{"self":[{"href":"http:\/\/estherg3-cp6.wordpresstemporal.com\/esthergordocaligrafia.com\/wp-json\/wp\/v2\/posts\/85"}],"collection":[{"href":"http:\/\/estherg3-cp6.wordpresstemporal.com\/esthergordocaligrafia.com\/wp-json\/wp\/v2\/posts"}],"about":[{"href":"http:\/\/estherg3-cp6.wordpresstemporal.com\/esthergordocaligrafia.com\/wp-json\/wp\/v2\/types\/post"}],"author":[{"embeddable":true,"href":"http:\/\/estherg3-cp6.wordpresstemporal.com\/esthergordocaligrafia.com\/wp-json\/wp\/v2\/users\/1"}],"replies":[{"embeddable":true,"href":"http:\/\/estherg3-cp6.wordpresstemporal.com\/esthergordocaligrafia.com\/wp-json\/wp\/v2\/comments?post=85"}],"version-history":[{"count":1,"href":"http:\/\/estherg3-cp6.wordpresstemporal.com\/esthergordocaligrafia.com\/wp-json\/wp\/v2\/posts\/85\/revisions"}],"predecessor-version":[{"id":1175,"href":"http:\/\/estherg3-cp6.wordpresstemporal.com\/esthergordocaligrafia.com\/wp-json\/wp\/v2\/posts\/85\/revisions\/1175"}],"wp:attachment":[{"href":"http:\/\/estherg3-cp6.wordpresstemporal.com\/esthergordocaligrafia.com\/wp-json\/wp\/v2\/media?parent=85"}],"wp:term":[{"taxonomy":"category","embeddable":true,"href":"http:\/\/estherg3-cp6.wordpresstemporal.com\/esthergordocaligrafia.com\/wp-json\/wp\/v2\/categories?post=85"},{"taxonomy":"post_tag","embeddable":true,"href":"http:\/\/estherg3-cp6.wordpresstemporal.com\/esthergordocaligrafia.com\/wp-json\/wp\/v2\/tags?post=85"}],"curies":[{"name":"wp","href":"https:\/\/api.w.org\/{rel}","templated":true}]}}