{"id":8,"date":"2015-01-10T22:31:00","date_gmt":"2015-01-10T22:31:00","guid":{"rendered":"https:\/\/esthergordocaligrafia.com\/v-centenario\/"},"modified":"2023-05-11T12:05:05","modified_gmt":"2023-05-11T12:05:05","slug":"v-centenario","status":"publish","type":"post","link":"http:\/\/estherg3-cp6.wordpresstemporal.com\/esthergordocaligrafia.com\/v-centenario\/","title":{"rendered":"V Centenario"},"content":{"rendered":"<div style=\"clear: both; text-align: center;\"><\/div>\n<div style=\"clear: both; text-align: center;\"><a style=\"margin-left: 1em; margin-right: 1em;\" href=\"https:\/\/esthergordocaligrafia.com\/wp-content\/uploads\/2015\/01\/IMG_0033.jpg\"><img loading=\"lazy\" decoding=\"async\" src=\"https:\/\/esthergordocaligrafia.com\/wp-content\/uploads\/2015\/01\/IMG_0033.jpg\" alt=\"\" width=\"400\" height=\"400\" border=\"0\" \/><\/a><\/div>\n<div style=\"clear: both; text-align: center;\"><\/div>\n<div style=\"text-align: center;\"><a style=\"margin-left: 1em; margin-right: 1em;\" href=\"https:\/\/esthergordocaligrafia.com\/wp-content\/uploads\/2015\/01\/IMG_0032.jpg\"><img loading=\"lazy\" decoding=\"async\" src=\"https:\/\/esthergordocaligrafia.com\/wp-content\/uploads\/2015\/01\/IMG_0032.jpg\" alt=\"\" width=\"400\" height=\"400\" border=\"0\" \/><\/a><\/div>\n<div style=\"text-align: center;\"><\/div>\n<div style=\"clear: both; text-align: center;\"><span style=\"font-family: Helvetica Neue, Arial, Helvetica, sans-serif;\">Re-creaci\u00f3n de la escritura de Santa Teresa de Jes\u00fas.<\/span><\/div>\n<div style=\"clear: both; text-align: center;\"><span style=\"font-family: Helvetica Neue, Arial, Helvetica, sans-serif;\">Gouache y plumilla met\u00e1lica sobre papel.\u00a0<\/span><\/div>\n","protected":false},"excerpt":{"rendered":"<p>Re-creaci\u00f3n de la escritura de Santa Teresa de Jes\u00fas. Gouache y plumilla met\u00e1lica sobre papel.\u00a0<\/p>\n","protected":false},"author":1,"featured_media":526,"comment_status":"open","ping_status":"open","sticky":false,"template":"","format":"standard","meta":{"_mi_skip_tracking":false,"footnotes":""},"categories":[53],"tags":[75],"yoast_head":"<!-- This site is optimized with the Yoast SEO plugin v16.2 - https:\/\/yoast.com\/wordpress\/plugins\/seo\/ -->\n<title>V Centenario - Esther Gordo Caligraf\u00eda<\/title>\n<meta name=\"robots\" content=\"index, follow, max-snippet:-1, max-image-preview:large, max-video-preview:-1\" \/>\n<link rel=\"canonical\" href=\"http:\/\/estherg3-cp6.wordpresstemporal.com\/esthergordocaligrafia.com\/v-centenario\/\" \/>\n<meta property=\"og:locale\" content=\"es_ES\" \/>\n<meta property=\"og:type\" content=\"article\" \/>\n<meta property=\"og:title\" content=\"V Centenario - Esther Gordo Caligraf\u00eda\" \/>\n<meta property=\"og:description\" content=\"Re-creaci\u00f3n de la escritura de Santa Teresa de Jes\u00fas. Gouache y plumilla met\u00e1lica sobre papel.\u00a0\" \/>\n<meta property=\"og:url\" content=\"http:\/\/estherg3-cp6.wordpresstemporal.com\/esthergordocaligrafia.com\/v-centenario\/\" \/>\n<meta property=\"og:site_name\" content=\"Esther Gordo Caligraf\u00eda\" \/>\n<meta property=\"article:publisher\" content=\"https:\/\/www.facebook.com\/EstherGordoCaligrafia\" \/>\n<meta property=\"article:author\" content=\"https:\/\/www.facebook.com\/EstherGordoCaligrafia\" \/>\n<meta property=\"article:published_time\" content=\"2015-01-10T22:31:00+00:00\" \/>\n<meta property=\"article:modified_time\" content=\"2023-05-11T12:05:05+00:00\" \/>\n<meta property=\"og:image\" content=\"https:\/\/esthergordocaligrafia.com\/wp-content\/uploads\/2015\/01\/IMG_0032.jpg\" \/>\n\t<meta property=\"og:image:width\" content=\"1024\" \/>\n\t<meta property=\"og:image:height\" content=\"1024\" \/>\n<script type=\"application\/ld+json\" class=\"yoast-schema-graph\">{\"@context\":\"https:\/\/schema.org\",\"@graph\":[{\"@type\":\"WebSite\",\"@id\":\"https:\/\/esthergordocaligrafia.com\/#website\",\"url\":\"https:\/\/esthergordocaligrafia.com\/\",\"name\":\"Esther Gordo Caligraf\\u00eda\",\"description\":\"Trabajos caligr\\u00e1ficos. Cursos de caligraf\\u00eda.\",\"potentialAction\":[{\"@type\":\"SearchAction\",\"target\":\"https:\/\/esthergordocaligrafia.com\/?s={search_term_string}\",\"query-input\":\"required name=search_term_string\"}],\"inLanguage\":\"es\"},{\"@type\":\"ImageObject\",\"@id\":\"http:\/\/estherg3-cp6.wordpresstemporal.com\/esthergordocaligrafia.com\/v-centenario\/#primaryimage\",\"inLanguage\":\"es\",\"url\":\"http:\/\/estherg3-cp6.wordpresstemporal.com\/esthergordocaligrafia.com\/wp-content\/uploads\/2015\/01\/IMG_0032.jpg\",\"contentUrl\":\"http:\/\/estherg3-cp6.wordpresstemporal.com\/esthergordocaligrafia.com\/wp-content\/uploads\/2015\/01\/IMG_0032.jpg\",\"width\":1024,\"height\":1024,\"caption\":\"imitando a TeresadeJes\\u00fas\"},{\"@type\":\"WebPage\",\"@id\":\"http:\/\/estherg3-cp6.wordpresstemporal.com\/esthergordocaligrafia.com\/v-centenario\/#webpage\",\"url\":\"http:\/\/estherg3-cp6.wordpresstemporal.com\/esthergordocaligrafia.com\/v-centenario\/\",\"name\":\"V Centenario - Esther Gordo Caligraf\\u00eda\",\"isPartOf\":{\"@id\":\"https:\/\/esthergordocaligrafia.com\/#website\"},\"primaryImageOfPage\":{\"@id\":\"http:\/\/estherg3-cp6.wordpresstemporal.com\/esthergordocaligrafia.com\/v-centenario\/#primaryimage\"},\"datePublished\":\"2015-01-10T22:31:00+00:00\",\"dateModified\":\"2023-05-11T12:05:05+00:00\",\"author\":{\"@id\":\"https:\/\/esthergordocaligrafia.com\/#\/schema\/person\/9fc6722578437d3cf7bab1031997b5f5\"},\"breadcrumb\":{\"@id\":\"http:\/\/estherg3-cp6.wordpresstemporal.com\/esthergordocaligrafia.com\/v-centenario\/#breadcrumb\"},\"inLanguage\":\"es\",\"potentialAction\":[{\"@type\":\"ReadAction\",\"target\":[\"http:\/\/estherg3-cp6.wordpresstemporal.com\/esthergordocaligrafia.com\/v-centenario\/\"]}]},{\"@type\":\"BreadcrumbList\",\"@id\":\"http:\/\/estherg3-cp6.wordpresstemporal.com\/esthergordocaligrafia.com\/v-centenario\/#breadcrumb\",\"itemListElement\":[{\"@type\":\"ListItem\",\"position\":1,\"item\":{\"@type\":\"WebPage\",\"@id\":\"https:\/\/esthergordocaligrafia.com\/\",\"url\":\"https:\/\/esthergordocaligrafia.com\/\",\"name\":\"Portada\"}},{\"@type\":\"ListItem\",\"position\":2,\"item\":{\"@id\":\"http:\/\/estherg3-cp6.wordpresstemporal.com\/esthergordocaligrafia.com\/v-centenario\/#webpage\"}}]},{\"@type\":\"Person\",\"@id\":\"https:\/\/esthergordocaligrafia.com\/#\/schema\/person\/9fc6722578437d3cf7bab1031997b5f5\",\"name\":\"Esther Gordo\",\"image\":{\"@type\":\"ImageObject\",\"@id\":\"https:\/\/esthergordocaligrafia.com\/#personlogo\",\"inLanguage\":\"es\",\"url\":\"http:\/\/0.gravatar.com\/avatar\/c37a5f0b76d6f9f390919cd73cc176c3?s=96&d=mm&r=g\",\"contentUrl\":\"http:\/\/0.gravatar.com\/avatar\/c37a5f0b76d6f9f390919cd73cc176c3?s=96&d=mm&r=g\",\"caption\":\"Esther Gordo\"},\"description\":\"Caligraf\\u00eda. Trabajos caligr\\u00e1ficos. Cursos de caligraf\\u00eda.\",\"sameAs\":[\"https:\/\/esthergordocaligrafia.com\",\"https:\/\/www.facebook.com\/EstherGordoCaligrafia\",\"https:\/\/twitter.com\/gordoesther\"]}]}<\/script>\n<!-- \/ Yoast SEO plugin. -->","_links":{"self":[{"href":"http:\/\/estherg3-cp6.wordpresstemporal.com\/esthergordocaligrafia.com\/wp-json\/wp\/v2\/posts\/8"}],"collection":[{"href":"http:\/\/estherg3-cp6.wordpresstemporal.com\/esthergordocaligrafia.com\/wp-json\/wp\/v2\/posts"}],"about":[{"href":"http:\/\/estherg3-cp6.wordpresstemporal.com\/esthergordocaligrafia.com\/wp-json\/wp\/v2\/types\/post"}],"author":[{"embeddable":true,"href":"http:\/\/estherg3-cp6.wordpresstemporal.com\/esthergordocaligrafia.com\/wp-json\/wp\/v2\/users\/1"}],"replies":[{"embeddable":true,"href":"http:\/\/estherg3-cp6.wordpresstemporal.com\/esthergordocaligrafia.com\/wp-json\/wp\/v2\/comments?post=8"}],"version-history":[{"count":2,"href":"http:\/\/estherg3-cp6.wordpresstemporal.com\/esthergordocaligrafia.com\/wp-json\/wp\/v2\/posts\/8\/revisions"}],"predecessor-version":[{"id":1111,"href":"http:\/\/estherg3-cp6.wordpresstemporal.com\/esthergordocaligrafia.com\/wp-json\/wp\/v2\/posts\/8\/revisions\/1111"}],"wp:featuredmedia":[{"embeddable":true,"href":"http:\/\/estherg3-cp6.wordpresstemporal.com\/esthergordocaligrafia.com\/wp-json\/wp\/v2\/media\/526"}],"wp:attachment":[{"href":"http:\/\/estherg3-cp6.wordpresstemporal.com\/esthergordocaligrafia.com\/wp-json\/wp\/v2\/media?parent=8"}],"wp:term":[{"taxonomy":"category","embeddable":true,"href":"http:\/\/estherg3-cp6.wordpresstemporal.com\/esthergordocaligrafia.com\/wp-json\/wp\/v2\/categories?post=8"},{"taxonomy":"post_tag","embeddable":true,"href":"http:\/\/estherg3-cp6.wordpresstemporal.com\/esthergordocaligrafia.com\/wp-json\/wp\/v2\/tags?post=8"}],"curies":[{"name":"wp","href":"https:\/\/api.w.org\/{rel}","templated":true}]}}