{"id":3526,"date":"2024-01-26T10:21:15","date_gmt":"2024-01-26T10:21:15","guid":{"rendered":"https:\/\/esthergordocaligrafia.com\/?p=3526"},"modified":"2024-01-31T11:35:47","modified_gmt":"2024-01-31T11:35:47","slug":"libro-de-horas-de-leonor-de-la-vega","status":"publish","type":"post","link":"http:\/\/estherg3-cp6.wordpresstemporal.com\/esthergordocaligrafia.com\/libro-de-horas-de-leonor-de-la-vega\/","title":{"rendered":"Libro de Horas de Leonor de la Vega"},"content":{"rendered":"\n<h2 class=\"wp-block-heading\">Origen<\/h2>\n\n\n\n<p>Este Libro de Horas fue manuscrito entre los a\u00f1os 1465 y 1470. Tiene un tama\u00f1o de 19x13cm, con p\u00e1ginas de pergamino y encuadernado en piel de cabra. <a previewlistener=\"true\" href=\"http:\/\/bdh.bne.es\/bnesearch\/detalle\/bdh0000048889\" target=\"_blank\" rel=\"noreferrer noopener\">Consta de 200 hojas seg\u00fan la descripci\u00f3n de la Biblioteca Nacional de Espa\u00f1a<\/a>. En la hoja dos, una nota manuscrita indica que tiene 202 hojas. En esa misma p\u00e1gina hay otra notaci\u00f3n manuscrita. Es una aprobaci\u00f3n de la Inquisici\u00f3n espa\u00f1ola, de 1574. <\/p>\n\n\n<div class=\"wp-block-image\">\n<figure class=\"aligncenter size-full\"><a href=\"https:\/\/esthergordocaligrafia.com\/wp-content\/uploads\/2024\/01\/inquisicion-tiene202hojas.jpg\"><img loading=\"lazy\" decoding=\"async\" width=\"586\" height=\"685\" src=\"https:\/\/esthergordocaligrafia.com\/wp-content\/uploads\/2024\/01\/inquisicion-tiene202hojas.jpg\" alt=\"\" class=\"wp-image-3527\" srcset=\"http:\/\/estherg3-cp6.wordpresstemporal.com\/esthergordocaligrafia.com\/wp-content\/uploads\/2024\/01\/inquisicion-tiene202hojas.jpg 586w, http:\/\/estherg3-cp6.wordpresstemporal.com\/esthergordocaligrafia.com\/wp-content\/uploads\/2024\/01\/inquisicion-tiene202hojas-257x300.jpg 257w, http:\/\/estherg3-cp6.wordpresstemporal.com\/esthergordocaligrafia.com\/wp-content\/uploads\/2024\/01\/inquisicion-tiene202hojas-51x60.jpg 51w\" sizes=\"(max-width: 586px) 100vw, 586px\" \/><\/a><figcaption class=\"wp-element-caption\">P\u00e1gina 2<\/figcaption><\/figure><\/div>\n\n\n<p>El c\u00f3dice fue remitido desde Bruselas por D. Diego Ram\u00edrez de Villaescusa, embajador en Flandes (1498), al padre del poeta Garcilaso de la Vega, embajador en Roma; despu\u00e9s estuvo en poder de su hermana, Do\u00f1a Leonor de Vega tal y como se indica en la hoja 1 en esta notaci\u00f3n manuscrita \u00ab<em>estas horas son de la muy ilustre se\u00f1ora do\u00f1a leonor de la vega<\/em> <em>ecija<\/em>\u00ab:<\/p>\n\n\n\n<figure class=\"wp-block-image size-full\"><a href=\"https:\/\/esthergordocaligrafia.com\/wp-content\/uploads\/2024\/01\/estas-horas-son-de-leonor-dela-vega.jpg\"><img loading=\"lazy\" decoding=\"async\" width=\"1024\" height=\"344\" src=\"https:\/\/esthergordocaligrafia.com\/wp-content\/uploads\/2024\/01\/estas-horas-son-de-leonor-dela-vega.jpg\" alt=\"\" class=\"wp-image-3528\" srcset=\"http:\/\/estherg3-cp6.wordpresstemporal.com\/esthergordocaligrafia.com\/wp-content\/uploads\/2024\/01\/estas-horas-son-de-leonor-dela-vega.jpg 1024w, http:\/\/estherg3-cp6.wordpresstemporal.com\/esthergordocaligrafia.com\/wp-content\/uploads\/2024\/01\/estas-horas-son-de-leonor-dela-vega-300x101.jpg 300w, http:\/\/estherg3-cp6.wordpresstemporal.com\/esthergordocaligrafia.com\/wp-content\/uploads\/2024\/01\/estas-horas-son-de-leonor-dela-vega-768x258.jpg 768w, http:\/\/estherg3-cp6.wordpresstemporal.com\/esthergordocaligrafia.com\/wp-content\/uploads\/2024\/01\/estas-horas-son-de-leonor-dela-vega-179x60.jpg 179w, http:\/\/estherg3-cp6.wordpresstemporal.com\/esthergordocaligrafia.com\/wp-content\/uploads\/2024\/01\/estas-horas-son-de-leonor-dela-vega-600x202.jpg 600w\" sizes=\"(max-width: 1024px) 100vw, 1024px\" \/><\/a><figcaption class=\"wp-element-caption\">P\u00e1gina 1<\/figcaption><\/figure>\n\n\n\n<p>En abril de 2016, el Libro de horas de Leonor de la Vega fue seleccionada como una de las quince obras art\u00edsticas m\u00e1s importantes de Espa\u00f1a por el proyecto Europeana.<\/p>\n\n\n\n<h2 class=\"wp-block-heading\">Capitales y miniaturas<\/h2>\n\n\n\n<p>El libro est\u00e1 ricamente iluminado, consta de:<\/p>\n\n\n\n<ul>\n<li>numerosas miniaturas a p\u00e1gina entera, que representan escenas religiosas, y el retrato de los antiguos poseedores,<\/li>\n\n\n\n<li>historiadas capitales con bellas miniaturas. <\/li>\n\n\n\n<li>Decoraci\u00f3n marginal muy rica, con fauna y flora, figuritas con armas o instrumentos musicales. <\/li>\n\n\n\n<li>Iniciales iluminadas sobre fondo de oro.<\/li>\n\n\n\n<li>Iniciales adornadas con filigranas<\/li>\n<\/ul>\n\n\n\n<figure class=\"wp-block-gallery has-nested-images columns-default is-cropped wp-block-gallery-1 is-layout-flex wp-block-gallery-is-layout-flex\">\n<figure class=\"wp-block-image size-large\"><a href=\"https:\/\/esthergordocaligrafia.com\/wp-content\/uploads\/2024\/01\/capital-sobre-oro.jpg\"><img loading=\"lazy\" decoding=\"async\" width=\"791\" height=\"697\" data-id=\"3533\" src=\"https:\/\/esthergordocaligrafia.com\/wp-content\/uploads\/2024\/01\/capital-sobre-oro.jpg\" alt=\"\" class=\"wp-image-3533\" srcset=\"http:\/\/estherg3-cp6.wordpresstemporal.com\/esthergordocaligrafia.com\/wp-content\/uploads\/2024\/01\/capital-sobre-oro.jpg 791w, http:\/\/estherg3-cp6.wordpresstemporal.com\/esthergordocaligrafia.com\/wp-content\/uploads\/2024\/01\/capital-sobre-oro-300x264.jpg 300w, http:\/\/estherg3-cp6.wordpresstemporal.com\/esthergordocaligrafia.com\/wp-content\/uploads\/2024\/01\/capital-sobre-oro-768x677.jpg 768w, http:\/\/estherg3-cp6.wordpresstemporal.com\/esthergordocaligrafia.com\/wp-content\/uploads\/2024\/01\/capital-sobre-oro-68x60.jpg 68w, http:\/\/estherg3-cp6.wordpresstemporal.com\/esthergordocaligrafia.com\/wp-content\/uploads\/2024\/01\/capital-sobre-oro-600x529.jpg 600w\" sizes=\"(max-width: 791px) 100vw, 791px\" \/><\/a><figcaption class=\"wp-element-caption\">Inicial iluminada sobre oro<\/figcaption><\/figure>\n\n\n\n<figure class=\"wp-block-image size-large\"><a href=\"https:\/\/esthergordocaligrafia.com\/wp-content\/uploads\/2024\/01\/filigranas-sobre-capitales.jpg\"><img loading=\"lazy\" decoding=\"async\" width=\"479\" height=\"662\" data-id=\"3529\" src=\"https:\/\/esthergordocaligrafia.com\/wp-content\/uploads\/2024\/01\/filigranas-sobre-capitales.jpg\" alt=\"\" class=\"wp-image-3529\" srcset=\"http:\/\/estherg3-cp6.wordpresstemporal.com\/esthergordocaligrafia.com\/wp-content\/uploads\/2024\/01\/filigranas-sobre-capitales.jpg 479w, http:\/\/estherg3-cp6.wordpresstemporal.com\/esthergordocaligrafia.com\/wp-content\/uploads\/2024\/01\/filigranas-sobre-capitales-217x300.jpg 217w, http:\/\/estherg3-cp6.wordpresstemporal.com\/esthergordocaligrafia.com\/wp-content\/uploads\/2024\/01\/filigranas-sobre-capitales-43x60.jpg 43w\" sizes=\"(max-width: 479px) 100vw, 479px\" \/><\/a><figcaption class=\"wp-element-caption\">Iniciales adornadas con filigranas<\/figcaption><\/figure>\n\n\n\n<figure class=\"wp-block-image size-large\"><a href=\"https:\/\/esthergordocaligrafia.com\/wp-content\/uploads\/2024\/01\/criaturas-leonor-dela-vega.jpg\"><img loading=\"lazy\" decoding=\"async\" width=\"335\" height=\"330\" data-id=\"3531\" src=\"https:\/\/esthergordocaligrafia.com\/wp-content\/uploads\/2024\/01\/criaturas-leonor-dela-vega.jpg\" alt=\"\" class=\"wp-image-3531\" srcset=\"http:\/\/estherg3-cp6.wordpresstemporal.com\/esthergordocaligrafia.com\/wp-content\/uploads\/2024\/01\/criaturas-leonor-dela-vega.jpg 335w, http:\/\/estherg3-cp6.wordpresstemporal.com\/esthergordocaligrafia.com\/wp-content\/uploads\/2024\/01\/criaturas-leonor-dela-vega-300x296.jpg 300w, http:\/\/estherg3-cp6.wordpresstemporal.com\/esthergordocaligrafia.com\/wp-content\/uploads\/2024\/01\/criaturas-leonor-dela-vega-61x60.jpg 61w, http:\/\/estherg3-cp6.wordpresstemporal.com\/esthergordocaligrafia.com\/wp-content\/uploads\/2024\/01\/criaturas-leonor-dela-vega-100x100.jpg 100w\" sizes=\"(max-width: 335px) 100vw, 335px\" \/><\/a><figcaption class=\"wp-element-caption\">Criaturas en los m\u00e1rgenes<\/figcaption><\/figure>\n\n\n\n<figure class=\"wp-block-image size-large\"><a href=\"https:\/\/esthergordocaligrafia.com\/wp-content\/uploads\/2024\/01\/historiada-capital.jpg\"><img loading=\"lazy\" decoding=\"async\" width=\"367\" height=\"498\" data-id=\"3532\" src=\"https:\/\/esthergordocaligrafia.com\/wp-content\/uploads\/2024\/01\/historiada-capital.jpg\" alt=\"\" class=\"wp-image-3532\" srcset=\"http:\/\/estherg3-cp6.wordpresstemporal.com\/esthergordocaligrafia.com\/wp-content\/uploads\/2024\/01\/historiada-capital.jpg 367w, http:\/\/estherg3-cp6.wordpresstemporal.com\/esthergordocaligrafia.com\/wp-content\/uploads\/2024\/01\/historiada-capital-221x300.jpg 221w, http:\/\/estherg3-cp6.wordpresstemporal.com\/esthergordocaligrafia.com\/wp-content\/uploads\/2024\/01\/historiada-capital-44x60.jpg 44w\" sizes=\"(max-width: 367px) 100vw, 367px\" \/><\/a><figcaption class=\"wp-element-caption\">Historiadas capitales con bellas miniaturas<\/figcaption><\/figure>\n\n\n\n<figure class=\"wp-block-image size-large\"><a href=\"https:\/\/esthergordocaligrafia.com\/wp-content\/uploads\/2024\/01\/miniatura-hoja-entera.jpg\"><img loading=\"lazy\" decoding=\"async\" width=\"347\" height=\"511\" data-id=\"3530\" src=\"https:\/\/esthergordocaligrafia.com\/wp-content\/uploads\/2024\/01\/miniatura-hoja-entera.jpg\" alt=\"\" class=\"wp-image-3530\" srcset=\"http:\/\/estherg3-cp6.wordpresstemporal.com\/esthergordocaligrafia.com\/wp-content\/uploads\/2024\/01\/miniatura-hoja-entera.jpg 347w, http:\/\/estherg3-cp6.wordpresstemporal.com\/esthergordocaligrafia.com\/wp-content\/uploads\/2024\/01\/miniatura-hoja-entera-204x300.jpg 204w, http:\/\/estherg3-cp6.wordpresstemporal.com\/esthergordocaligrafia.com\/wp-content\/uploads\/2024\/01\/miniatura-hoja-entera-41x60.jpg 41w\" sizes=\"(max-width: 347px) 100vw, 347px\" \/><\/a><figcaption class=\"wp-element-caption\">Miniatura a p\u00e1gina entera<\/figcaption><\/figure>\n<\/figure>\n\n\n\n<h2 class=\"wp-block-heading\">Estructura<\/h2>\n\n\n\n<p>El libro se estructura de la siguiente manera:<\/p>\n\n\n\n<ul>\n<li>incluye el Calendario, aunque no tiene ilustraciones; <\/li>\n\n\n\n<li>L<em>as Horas de la Cruz<\/em>&nbsp;(f. 17r \u2013 31v) contiene 19 miniaturas, la primera de ellas &#8216;Cristo bendiciendo&#8217; y la \u00faltima &#8216;San Juan&#8217;.&nbsp;<\/li>\n\n\n\n<li><em>Las Horas del Esp\u00edritu Santo<\/em>&nbsp;(f. 33v \u2013 50r) contiene 6 ilustraciones, entre ellas los &#8216;Evangelistas&#8217;.&nbsp;<\/li>\n\n\n\n<li><em>Las Horas de la Virgen<\/em>&nbsp;(f. 52v \u2013 118v)  <\/li>\n\n\n\n<li>el Oficio de&nbsp;<em>Difuntos<\/em>&nbsp;(f. 140r \u2013 182v) hay 3, entre ellas la &#8216;Virgen Apocal\u00edptica&#8217; (f 182r). <\/li>\n\n\n\n<li>Finalmente, el&nbsp;<em>Sufragio de los Santos<\/em>&nbsp;(185v \u2013 202r) contiene 19 miniaturas.<\/li>\n<\/ul>\n\n\n<div class=\"wp-block-image\">\n<figure class=\"aligncenter size-full\"><a href=\"https:\/\/esthergordocaligrafia.com\/wp-content\/uploads\/2024\/01\/virgen-apocalipsis-leonor-dela-vega.jpg\"><img loading=\"lazy\" decoding=\"async\" width=\"1024\" height=\"547\" src=\"https:\/\/esthergordocaligrafia.com\/wp-content\/uploads\/2024\/01\/virgen-apocalipsis-leonor-dela-vega.jpg\" alt=\"\" class=\"wp-image-3534\" srcset=\"http:\/\/estherg3-cp6.wordpresstemporal.com\/esthergordocaligrafia.com\/wp-content\/uploads\/2024\/01\/virgen-apocalipsis-leonor-dela-vega.jpg 1024w, http:\/\/estherg3-cp6.wordpresstemporal.com\/esthergordocaligrafia.com\/wp-content\/uploads\/2024\/01\/virgen-apocalipsis-leonor-dela-vega-300x160.jpg 300w, http:\/\/estherg3-cp6.wordpresstemporal.com\/esthergordocaligrafia.com\/wp-content\/uploads\/2024\/01\/virgen-apocalipsis-leonor-dela-vega-768x410.jpg 768w, http:\/\/estherg3-cp6.wordpresstemporal.com\/esthergordocaligrafia.com\/wp-content\/uploads\/2024\/01\/virgen-apocalipsis-leonor-dela-vega-112x60.jpg 112w, http:\/\/estherg3-cp6.wordpresstemporal.com\/esthergordocaligrafia.com\/wp-content\/uploads\/2024\/01\/virgen-apocalipsis-leonor-dela-vega-600x321.jpg 600w\" sizes=\"(max-width: 1024px) 100vw, 1024px\" \/><\/a><figcaption class=\"wp-element-caption\">Virgen apocal\u00edptica, como<a previewlistener=\"true\" href=\"https:\/\/esthergordocaligrafia.com\/abside-de-santa-juliana-en-villarmentero-de-esgueva\/\" target=\"_blank\" rel=\"noreferrer noopener\"> la de Villarmentero<\/a><\/figcaption><\/figure><\/div>\n\n\n<p><a previewlistener=\"true\" href=\"https:\/\/drive.google.com\/file\/d\/1Wftq6psURitXoJxsy7pTjJBjw06iQlW8\/view?usp=sharing\" target=\"_blank\" rel=\"noreferrer noopener\">Desde este enlace puedes acceder a un peque\u00f1o documento descriptivo sobre el Libro de Horas de Leonor de la Vega<\/a>, con capturas de criaturas de los m\u00e1rgenes iluminados y con transcripci\u00f3n de parte de la p\u00e1gina 258 (hoja 129).<\/p>\n\n\n\n<figure class=\"wp-block-image size-full\"><a href=\"https:\/\/esthergordocaligrafia.com\/wp-content\/uploads\/2024\/01\/KyrieEleyson-Horas-leonoro-dela-vega.jpg\"><img loading=\"lazy\" decoding=\"async\" width=\"1024\" height=\"385\" src=\"https:\/\/esthergordocaligrafia.com\/wp-content\/uploads\/2024\/01\/KyrieEleyson-Horas-leonoro-dela-vega.jpg\" alt=\"\" class=\"wp-image-3539\" srcset=\"http:\/\/estherg3-cp6.wordpresstemporal.com\/esthergordocaligrafia.com\/wp-content\/uploads\/2024\/01\/KyrieEleyson-Horas-leonoro-dela-vega.jpg 1024w, http:\/\/estherg3-cp6.wordpresstemporal.com\/esthergordocaligrafia.com\/wp-content\/uploads\/2024\/01\/KyrieEleyson-Horas-leonoro-dela-vega-300x113.jpg 300w, http:\/\/estherg3-cp6.wordpresstemporal.com\/esthergordocaligrafia.com\/wp-content\/uploads\/2024\/01\/KyrieEleyson-Horas-leonoro-dela-vega-768x289.jpg 768w, http:\/\/estherg3-cp6.wordpresstemporal.com\/esthergordocaligrafia.com\/wp-content\/uploads\/2024\/01\/KyrieEleyson-Horas-leonoro-dela-vega-160x60.jpg 160w, http:\/\/estherg3-cp6.wordpresstemporal.com\/esthergordocaligrafia.com\/wp-content\/uploads\/2024\/01\/KyrieEleyson-Horas-leonoro-dela-vega-600x226.jpg 600w\" sizes=\"(max-width: 1024px) 100vw, 1024px\" \/><\/a><\/figure>\n\n\n<div class=\"wp-block-image\">\n<figure class=\"aligncenter size-full\"><a href=\"https:\/\/esthergordocaligrafia.com\/wp-content\/uploads\/2024\/01\/pag258-hoja129-horas-leonor-dela-vega.jpg\"><img loading=\"lazy\" decoding=\"async\" width=\"512\" height=\"630\" src=\"https:\/\/esthergordocaligrafia.com\/wp-content\/uploads\/2024\/01\/pag258-hoja129-horas-leonor-dela-vega.jpg\" alt=\"\" class=\"wp-image-3535\" srcset=\"http:\/\/estherg3-cp6.wordpresstemporal.com\/esthergordocaligrafia.com\/wp-content\/uploads\/2024\/01\/pag258-hoja129-horas-leonor-dela-vega.jpg 512w, http:\/\/estherg3-cp6.wordpresstemporal.com\/esthergordocaligrafia.com\/wp-content\/uploads\/2024\/01\/pag258-hoja129-horas-leonor-dela-vega-244x300.jpg 244w, http:\/\/estherg3-cp6.wordpresstemporal.com\/esthergordocaligrafia.com\/wp-content\/uploads\/2024\/01\/pag258-hoja129-horas-leonor-dela-vega-49x60.jpg 49w\" sizes=\"(max-width: 512px) 100vw, 512px\" \/><\/a><figcaption class=\"wp-element-caption\">Hoja 129, p\u00e1gina 258. Comienzo de las letan\u00edas. Kyrie Eleyson.<\/figcaption><\/figure><\/div>\n\n\n<figure class=\"wp-block-embed is-type-video is-provider-youtube wp-block-embed-youtube wp-embed-aspect-16-9 wp-has-aspect-ratio\"><div class=\"wp-block-embed__wrapper\">\n<iframe loading=\"lazy\" title=\"Kyrie con tinta Frontenac Blue #bestink #calligraphy #ferriswheelpress Libro Horas Leonor de la Vega\" width=\"750\" height=\"422\" src=\"https:\/\/www.youtube.com\/embed\/msB7yImRWy0?feature=oembed\" frameborder=\"0\" allow=\"accelerometer; autoplay; clipboard-write; encrypted-media; gyroscope; picture-in-picture; web-share\" allowfullscreen><\/iframe>\n<\/div><figcaption class=\"wp-element-caption\">V\u00eddeo escribiendo Kyrie Eleyson<\/figcaption><\/figure>\n\n\n\n<p><\/p>\n\n\n\n<h2 class=\"wp-block-heading\">Filigranas<\/h2>\n\n\n\n<p>Para terminar acerco hasta aqu\u00ed, para tenerlas a mano, unas cuantas filigranas sobre capitales, son sencillas y muy elegantes.<\/p>\n\n\n<div class=\"wp-block-image\">\n<figure class=\"aligncenter size-full\"><a href=\"https:\/\/esthergordocaligrafia.com\/wp-content\/uploads\/2024\/01\/Filigranas-leonor-dela-vega-1.jpg\"><img loading=\"lazy\" decoding=\"async\" width=\"361\" height=\"638\" src=\"https:\/\/esthergordocaligrafia.com\/wp-content\/uploads\/2024\/01\/Filigranas-leonor-dela-vega-1.jpg\" alt=\"\" class=\"wp-image-3537\" srcset=\"http:\/\/estherg3-cp6.wordpresstemporal.com\/esthergordocaligrafia.com\/wp-content\/uploads\/2024\/01\/Filigranas-leonor-dela-vega-1.jpg 361w, http:\/\/estherg3-cp6.wordpresstemporal.com\/esthergordocaligrafia.com\/wp-content\/uploads\/2024\/01\/Filigranas-leonor-dela-vega-1-170x300.jpg 170w, http:\/\/estherg3-cp6.wordpresstemporal.com\/esthergordocaligrafia.com\/wp-content\/uploads\/2024\/01\/Filigranas-leonor-dela-vega-1-34x60.jpg 34w\" sizes=\"(max-width: 361px) 100vw, 361px\" \/><\/a><\/figure><\/div>\n\n\n<figure class=\"wp-block-gallery has-nested-images columns-default is-cropped wp-block-gallery-2 is-layout-flex wp-block-gallery-is-layout-flex\">\n<figure class=\"wp-block-image size-large\"><a href=\"https:\/\/esthergordocaligrafia.com\/wp-content\/uploads\/2024\/01\/Filigranas-leonor-dela-vega-2.jpg\"><img loading=\"lazy\" decoding=\"async\" width=\"371\" height=\"128\" data-id=\"3538\" src=\"https:\/\/esthergordocaligrafia.com\/wp-content\/uploads\/2024\/01\/Filigranas-leonor-dela-vega-2.jpg\" alt=\"\" class=\"wp-image-3538\" srcset=\"http:\/\/estherg3-cp6.wordpresstemporal.com\/esthergordocaligrafia.com\/wp-content\/uploads\/2024\/01\/Filigranas-leonor-dela-vega-2.jpg 371w, http:\/\/estherg3-cp6.wordpresstemporal.com\/esthergordocaligrafia.com\/wp-content\/uploads\/2024\/01\/Filigranas-leonor-dela-vega-2-300x104.jpg 300w, http:\/\/estherg3-cp6.wordpresstemporal.com\/esthergordocaligrafia.com\/wp-content\/uploads\/2024\/01\/Filigranas-leonor-dela-vega-2-174x60.jpg 174w, http:\/\/estherg3-cp6.wordpresstemporal.com\/esthergordocaligrafia.com\/wp-content\/uploads\/2024\/01\/Filigranas-leonor-dela-vega-2-367x128.jpg 367w\" sizes=\"(max-width: 371px) 100vw, 371px\" \/><\/a><\/figure>\n\n\n\n<figure class=\"wp-block-image size-large\"><a href=\"https:\/\/esthergordocaligrafia.com\/wp-content\/uploads\/2024\/01\/Filigranas-leonor-dela-vega-3.jpg\"><img loading=\"lazy\" decoding=\"async\" width=\"377\" height=\"183\" data-id=\"3536\" src=\"https:\/\/esthergordocaligrafia.com\/wp-content\/uploads\/2024\/01\/Filigranas-leonor-dela-vega-3.jpg\" alt=\"\" class=\"wp-image-3536\" srcset=\"http:\/\/estherg3-cp6.wordpresstemporal.com\/esthergordocaligrafia.com\/wp-content\/uploads\/2024\/01\/Filigranas-leonor-dela-vega-3.jpg 377w, http:\/\/estherg3-cp6.wordpresstemporal.com\/esthergordocaligrafia.com\/wp-content\/uploads\/2024\/01\/Filigranas-leonor-dela-vega-3-300x146.jpg 300w, http:\/\/estherg3-cp6.wordpresstemporal.com\/esthergordocaligrafia.com\/wp-content\/uploads\/2024\/01\/Filigranas-leonor-dela-vega-3-124x60.jpg 124w\" sizes=\"(max-width: 377px) 100vw, 377px\" \/><\/a><\/figure>\n<\/figure>\n\n\n\n<hr class=\"wp-block-separator has-alpha-channel-opacity is-style-wide\"\/>\n\n\n\n<p>Documentaci\u00f3n preparada con motivo del taller de caligraf\u00eda impartido en el Museo de Escultura de Valladolid, el d\u00eda 27 de enero de 2023. <\/p>\n","protected":false},"excerpt":{"rendered":"<p>Origen Este Libro de Horas fue manuscrito entre los a\u00f1os 1465 y 1470. Tiene un tama\u00f1o de 19x13cm, con p\u00e1ginas de pergamino y encuadernado en piel de cabra. Consta de 200 hojas seg\u00fan la descripci\u00f3n de la Biblioteca Nacional de Espa\u00f1a. En la hoja dos, una nota manuscrita indica que tiene 202 hojas. En esa &hellip; <\/p>\n","protected":false},"author":1,"featured_media":3539,"comment_status":"open","ping_status":"open","sticky":false,"template":"","format":"standard","meta":{"_mi_skip_tracking":false,"footnotes":""},"categories":[139],"tags":[],"yoast_head":"<!-- This site is optimized with the Yoast SEO plugin v16.2 - https:\/\/yoast.com\/wordpress\/plugins\/seo\/ -->\n<title>Libro de Horas de Leonor de la Vega - Esther Gordo Caligraf\u00eda<\/title>\n<meta name=\"description\" content=\"Descripci\u00f3n y enlaces de inter\u00e9s sobre el Libro de Horas de Leonor de la Vega. Manuscrito de finales del s.XV\" \/>\n<meta name=\"robots\" content=\"index, follow, max-snippet:-1, max-image-preview:large, max-video-preview:-1\" \/>\n<link rel=\"canonical\" href=\"https:\/\/esthergordocaligrafia.com\/libro-de-horas-de-leonor-de-la-vega\/\" \/>\n<meta property=\"og:locale\" content=\"es_ES\" \/>\n<meta property=\"og:type\" content=\"article\" \/>\n<meta property=\"og:title\" content=\"Libro de Horas de Leonor de la Vega - Esther Gordo Caligraf\u00eda\" \/>\n<meta property=\"og:description\" content=\"Descripci\u00f3n y enlaces de inter\u00e9s sobre el Libro de Horas de Leonor de la Vega. Manuscrito de finales del s.XV\" \/>\n<meta property=\"og:url\" content=\"https:\/\/esthergordocaligrafia.com\/libro-de-horas-de-leonor-de-la-vega\/\" \/>\n<meta property=\"og:site_name\" content=\"Esther Gordo Caligraf\u00eda\" \/>\n<meta property=\"article:publisher\" content=\"https:\/\/www.facebook.com\/EstherGordoCaligrafia\" \/>\n<meta property=\"article:author\" content=\"https:\/\/www.facebook.com\/EstherGordoCaligrafia\" \/>\n<meta property=\"article:published_time\" content=\"2024-01-26T10:21:15+00:00\" \/>\n<meta property=\"article:modified_time\" content=\"2024-01-31T11:35:47+00:00\" \/>\n<meta property=\"og:image\" content=\"https:\/\/esthergordocaligrafia.com\/wp-content\/uploads\/2024\/01\/KyrieEleyson-Horas-leonoro-dela-vega.jpg\" \/>\n\t<meta property=\"og:image:width\" content=\"1024\" \/>\n\t<meta property=\"og:image:height\" content=\"385\" \/>\n<meta name=\"twitter:label1\" content=\"Tiempo de lectura\">\n\t<meta name=\"twitter:data1\" content=\"5 minutos\">\n<script type=\"application\/ld+json\" class=\"yoast-schema-graph\">{\"@context\":\"https:\/\/schema.org\",\"@graph\":[{\"@type\":\"WebSite\",\"@id\":\"https:\/\/esthergordocaligrafia.com\/#website\",\"url\":\"https:\/\/esthergordocaligrafia.com\/\",\"name\":\"Esther Gordo Caligraf\\u00eda\",\"description\":\"Trabajos caligr\\u00e1ficos. Cursos de caligraf\\u00eda.\",\"potentialAction\":[{\"@type\":\"SearchAction\",\"target\":\"https:\/\/esthergordocaligrafia.com\/?s={search_term_string}\",\"query-input\":\"required name=search_term_string\"}],\"inLanguage\":\"es\"},{\"@type\":\"ImageObject\",\"@id\":\"https:\/\/esthergordocaligrafia.com\/libro-de-horas-de-leonor-de-la-vega\/#primaryimage\",\"inLanguage\":\"es\",\"url\":\"http:\/\/estherg3-cp6.wordpresstemporal.com\/esthergordocaligrafia.com\/wp-content\/uploads\/2024\/01\/KyrieEleyson-Horas-leonoro-dela-vega.jpg\",\"contentUrl\":\"http:\/\/estherg3-cp6.wordpresstemporal.com\/esthergordocaligrafia.com\/wp-content\/uploads\/2024\/01\/KyrieEleyson-Horas-leonoro-dela-vega.jpg\",\"width\":1024,\"height\":385},{\"@type\":\"WebPage\",\"@id\":\"https:\/\/esthergordocaligrafia.com\/libro-de-horas-de-leonor-de-la-vega\/#webpage\",\"url\":\"https:\/\/esthergordocaligrafia.com\/libro-de-horas-de-leonor-de-la-vega\/\",\"name\":\"Libro de Horas de Leonor de la Vega - Esther Gordo Caligraf\\u00eda\",\"isPartOf\":{\"@id\":\"https:\/\/esthergordocaligrafia.com\/#website\"},\"primaryImageOfPage\":{\"@id\":\"https:\/\/esthergordocaligrafia.com\/libro-de-horas-de-leonor-de-la-vega\/#primaryimage\"},\"datePublished\":\"2024-01-26T10:21:15+00:00\",\"dateModified\":\"2024-01-31T11:35:47+00:00\",\"author\":{\"@id\":\"https:\/\/esthergordocaligrafia.com\/#\/schema\/person\/9fc6722578437d3cf7bab1031997b5f5\"},\"description\":\"Descripci\\u00f3n y enlaces de inter\\u00e9s sobre el Libro de Horas de Leonor de la Vega. Manuscrito de finales del s.XV\",\"breadcrumb\":{\"@id\":\"https:\/\/esthergordocaligrafia.com\/libro-de-horas-de-leonor-de-la-vega\/#breadcrumb\"},\"inLanguage\":\"es\",\"potentialAction\":[{\"@type\":\"ReadAction\",\"target\":[\"https:\/\/esthergordocaligrafia.com\/libro-de-horas-de-leonor-de-la-vega\/\"]}]},{\"@type\":\"BreadcrumbList\",\"@id\":\"https:\/\/esthergordocaligrafia.com\/libro-de-horas-de-leonor-de-la-vega\/#breadcrumb\",\"itemListElement\":[{\"@type\":\"ListItem\",\"position\":1,\"item\":{\"@type\":\"WebPage\",\"@id\":\"https:\/\/esthergordocaligrafia.com\/\",\"url\":\"https:\/\/esthergordocaligrafia.com\/\",\"name\":\"Portada\"}},{\"@type\":\"ListItem\",\"position\":2,\"item\":{\"@id\":\"https:\/\/esthergordocaligrafia.com\/libro-de-horas-de-leonor-de-la-vega\/#webpage\"}}]},{\"@type\":\"Person\",\"@id\":\"https:\/\/esthergordocaligrafia.com\/#\/schema\/person\/9fc6722578437d3cf7bab1031997b5f5\",\"name\":\"Esther Gordo\",\"image\":{\"@type\":\"ImageObject\",\"@id\":\"https:\/\/esthergordocaligrafia.com\/#personlogo\",\"inLanguage\":\"es\",\"url\":\"http:\/\/0.gravatar.com\/avatar\/c37a5f0b76d6f9f390919cd73cc176c3?s=96&d=mm&r=g\",\"contentUrl\":\"http:\/\/0.gravatar.com\/avatar\/c37a5f0b76d6f9f390919cd73cc176c3?s=96&d=mm&r=g\",\"caption\":\"Esther Gordo\"},\"description\":\"Caligraf\\u00eda. Trabajos caligr\\u00e1ficos. Cursos de caligraf\\u00eda.\",\"sameAs\":[\"https:\/\/esthergordocaligrafia.com\",\"https:\/\/www.facebook.com\/EstherGordoCaligrafia\",\"https:\/\/twitter.com\/gordoesther\"]}]}<\/script>\n<!-- \/ Yoast SEO plugin. -->","_links":{"self":[{"href":"http:\/\/estherg3-cp6.wordpresstemporal.com\/esthergordocaligrafia.com\/wp-json\/wp\/v2\/posts\/3526"}],"collection":[{"href":"http:\/\/estherg3-cp6.wordpresstemporal.com\/esthergordocaligrafia.com\/wp-json\/wp\/v2\/posts"}],"about":[{"href":"http:\/\/estherg3-cp6.wordpresstemporal.com\/esthergordocaligrafia.com\/wp-json\/wp\/v2\/types\/post"}],"author":[{"embeddable":true,"href":"http:\/\/estherg3-cp6.wordpresstemporal.com\/esthergordocaligrafia.com\/wp-json\/wp\/v2\/users\/1"}],"replies":[{"embeddable":true,"href":"http:\/\/estherg3-cp6.wordpresstemporal.com\/esthergordocaligrafia.com\/wp-json\/wp\/v2\/comments?post=3526"}],"version-history":[{"count":3,"href":"http:\/\/estherg3-cp6.wordpresstemporal.com\/esthergordocaligrafia.com\/wp-json\/wp\/v2\/posts\/3526\/revisions"}],"predecessor-version":[{"id":3544,"href":"http:\/\/estherg3-cp6.wordpresstemporal.com\/esthergordocaligrafia.com\/wp-json\/wp\/v2\/posts\/3526\/revisions\/3544"}],"wp:featuredmedia":[{"embeddable":true,"href":"http:\/\/estherg3-cp6.wordpresstemporal.com\/esthergordocaligrafia.com\/wp-json\/wp\/v2\/media\/3539"}],"wp:attachment":[{"href":"http:\/\/estherg3-cp6.wordpresstemporal.com\/esthergordocaligrafia.com\/wp-json\/wp\/v2\/media?parent=3526"}],"wp:term":[{"taxonomy":"category","embeddable":true,"href":"http:\/\/estherg3-cp6.wordpresstemporal.com\/esthergordocaligrafia.com\/wp-json\/wp\/v2\/categories?post=3526"},{"taxonomy":"post_tag","embeddable":true,"href":"http:\/\/estherg3-cp6.wordpresstemporal.com\/esthergordocaligrafia.com\/wp-json\/wp\/v2\/tags?post=3526"}],"curies":[{"name":"wp","href":"https:\/\/api.w.org\/{rel}","templated":true}]}}