{"id":3426,"date":"2023-09-20T11:28:14","date_gmt":"2023-09-20T11:28:14","guid":{"rendered":"https:\/\/esthergordocaligrafia.com\/?p=3426"},"modified":"2023-10-02T09:47:53","modified_gmt":"2023-10-02T09:47:53","slug":"separar-letras-al-escribir","status":"publish","type":"post","link":"http:\/\/estherg3-cp6.wordpresstemporal.com\/esthergordocaligrafia.com\/separar-letras-al-escribir\/","title":{"rendered":"Separar las letras al escribir"},"content":{"rendered":"\n<h2 class=\"wp-block-heading\">Separar las letras al escribir<\/h2>\n\n\n\n<p>Mi hija separa las letras dentro de una palabra al escribir.<\/p>\n\n\n\n<p>Me refiero a que no las traza ligadas, no escribe ligando las letras, separa las letras al escribir. Las va escribiendo, cada letra, una al lado de la otra a la distancia adecuada para leer bien la palabra, pero no \u201cescribe\u201d la uni\u00f3n. Escribe, como dec\u00edan en mi cole, con letra de imprenta.<\/p>\n\n\n\n<h2 class=\"wp-block-heading\">Es un error<\/h2>\n\n\n\n<p>Y ocurre que no me gusta. No s\u00f3lo no me gusta. No me parece bien. Vamos, que me parece mal. Y no lo puedo dejar en un \u201cbueno, haz lo que quieras\u201d, consintiendo con un si a ella le gusta, si a ella le parece bien, si ya se ha acostumbrado. <\/p>\n\n\n\n<p>Porque no, esto no es as\u00ed. Aunque a ella le guste, le parezca bien y ya se haya acostumbrado, yo considero que es un error. Es un error separar las letras al escribir. <br>Y vamos a ver por qu\u00e9. Porque hay varios motivos. <br>Y por supuesto a ella ya le he dicho que lo vaya cambiando, porque es mejor para ella.<\/p>\n\n\n\n<h2 class=\"wp-block-heading\">La historia lo explica<\/h2>\n\n\n\n<p>La prehistoria pas\u00f3 a ser historia en el momento en que el ser humano comenz\u00f3 a escribir. F\u00edjate si ser\u00e1 importante la escritura. Obviamente es importante el contenido de lo que escrib\u00edan, pero, aunque sea en menor medida, tambi\u00e9n es importante la graf\u00eda, la representaci\u00f3n de esa informaci\u00f3n.<\/p>\n\n\n\n<h3 class=\"wp-block-heading\">Escrituras conceptuales vs fon\u00e9tico<\/h3>\n\n\n\n<p>Hay idiomas que se representan asociando graf\u00edas a ideas, a conceptos, a palabras. Son escrituras conceptuales. Usan ideogramas, sinogramas, <em>kanji<\/em> . Sin embargo nuestro idioma, y muchos otros, no son as\u00ed, cada sonido tiene una representaci\u00f3n gr\u00e1fica. Y las palabras se representan, se escriben, encadenando los sonidos que usan para pronunciarlas. La escritura es la representaci\u00f3n gr\u00e1fica de tal y como suena la comunicaci\u00f3n oral.<\/p>\n\n\n\n<h3 class=\"wp-block-heading\">Curiosidades<\/h3>\n\n\n\n<ul>\n<li>El hecho de asociar una representaci\u00f3n gr\u00e1fica a cada sonido dentro de una palabra (y no una representaci\u00f3n gr\u00e1fica por palabra o idea) se cre\u00f3 una \u00fanica vez. A pesar de que existan varios alfabetos de graf\u00edas diferentes: el latino, el griego, el cir\u00edlico, etc. El hecho en s\u00ed de asociar una graf\u00eda a cada sonido y concatenarlos para crear palabras, ocurri\u00f3 una \u00fanica vez.<\/li>\n\n\n\n<li>Hoy en d\u00eda, la mayor\u00eda de los tipos de escritura hist\u00f3ricos los tenemos catalogados, pautados y contextualizados hist\u00f3rico-temporalmente. Sin embargo en su momento, no hab\u00eda una definici\u00f3n tan clara, por eso cada documento tiene sus particularidades. La escritura siempre ha estado viva y variable.<\/li>\n<\/ul>\n\n\n\n<p>Dejo aqu\u00ed un par de enlaces a v\u00eddeos de Youtube la mar de interesantes sobre la evoluci\u00f3n de la escritura.<\/p>\n\n\n\n<p>Primer v\u00eddeo, un poco antiguo ya, en el cual aparece <a href=\"https:\/\/en.wikipedia.org\/wiki\/Donald_Jackson_(calligrapher)\" target=\"_blank\" rel=\"noreferrer noopener\">Donald Jackson<\/a> hablando de la historia de la escritura.<\/p>\n\n\n\n<figure class=\"wp-block-embed is-type-video is-provider-youtube wp-block-embed-youtube wp-embed-aspect-4-3 wp-has-aspect-ratio\"><div class=\"wp-block-embed__wrapper\">\n<iframe loading=\"lazy\" title=\"Historia de la Escritura\" width=\"750\" height=\"563\" src=\"https:\/\/www.youtube.com\/embed\/QG-vSgZX5-w?feature=oembed\" frameborder=\"0\" allow=\"accelerometer; autoplay; clipboard-write; encrypted-media; gyroscope; picture-in-picture; web-share\" allowfullscreen><\/iframe>\n<\/div><\/figure>\n\n\n\n<p>Y un documental en dos v\u00eddeos, igualmente sobre la Historia de la Escritura, pero m\u00e1s actual, encabezado por <a href=\"https:\/\/www.brodyneuenschwander.com\/\" target=\"_blank\" rel=\"noreferrer noopener\">Brody Neuenschwander<\/a>:<\/p>\n\n\n\n<figure class=\"wp-block-embed is-type-video is-provider-youtube wp-block-embed-youtube wp-embed-aspect-16-9 wp-has-aspect-ratio\"><div class=\"wp-block-embed__wrapper\">\n<iframe loading=\"lazy\" title=\"La historia de la escritura 1\/2 - El primer alfabeto\" width=\"750\" height=\"422\" src=\"https:\/\/www.youtube.com\/embed\/z8XuI_y_BqY?feature=oembed\" frameborder=\"0\" allow=\"accelerometer; autoplay; clipboard-write; encrypted-media; gyroscope; picture-in-picture; web-share\" allowfullscreen><\/iframe>\n<\/div><\/figure>\n\n\n\n<figure class=\"wp-block-embed is-type-video is-provider-youtube wp-block-embed-youtube wp-embed-aspect-16-9 wp-has-aspect-ratio\"><div class=\"wp-block-embed__wrapper\">\n<iframe loading=\"lazy\" title=\"La historia de la escritura 2\/2 - Y la escritura cambio el mundo\" width=\"750\" height=\"422\" src=\"https:\/\/www.youtube.com\/embed\/kMH5hmXhMNs?feature=oembed\" frameborder=\"0\" allow=\"accelerometer; autoplay; clipboard-write; encrypted-media; gyroscope; picture-in-picture; web-share\" allowfullscreen><\/iframe>\n<\/div><\/figure>\n\n\n\n<h3 class=\"wp-block-heading\">Entonces, \u00bfqu\u00e9 nos dice la historia?<\/h3>\n\n\n\n<p>La historia nos dice que las letras manuscritas dentro de una palabra, los sonidos que representan cada palabra, van concatenados y ligados. El recorrido que traza la pluma, l\u00e1piz, boli, el \u00fatil de escritura que usemos, est\u00e1 pensado para ir enlazando unas letras con otras. Este recorrido que define inequ\u00edvocamente a cada una de las letras lo llamamos <a href=\"https:\/\/esthergordocaligrafia.com\/caligrafia-ductus\/\" target=\"_blank\" rel=\"noreferrer noopener\">ductus, he hablado sobre \u00e9l un poco m\u00e1s extensamente en otra entrada<\/a>. <\/p>\n\n\n\n<h2 class=\"wp-block-heading\">Letra cursiva<\/h2>\n\n\n\n<p>Hoy en d\u00eda, la inmensa mayor\u00eda de la gente, porque as\u00ed lo ha decidido Word, considera que la letra <em>cursiva es esta que est\u00e1 as\u00ed como inclinada<\/em>. Sin embargo, el sentido de la palabra cursiva, el significado real es \u00abla que corre\u00bb. La letra r\u00e1pida de escribir.<\/p>\n\n\n\n<p>Y el ductus estaba pensado para ir enlazando letras unas con otras para ir r\u00e1pido al trazarlas. Optimizar el trazo, el gesto, el recorrido. No pierdes tiempo y vas m\u00e1s r\u00e1pido. <\/p>\n\n\n\n<p>Hubo un momento concreto en que la representaci\u00f3n de las letras dentro de una palabra comenz\u00f3 a separarlas. N\u00f3tese que he dicho representaci\u00f3n y no escritura, porque precisamente fue con la llegada de la imprenta. <\/p>\n\n\n\n<h2 class=\"wp-block-heading\">Letra de imprenta<\/h2>\n\n\n\n<p>En este texto que est\u00e1s leyendo ahora en pantalla, cada letra es una representaci\u00f3n gr\u00e1fica que se repite all\u00e1 donde se necesite. En su origen, all\u00e1 por el 1440 cuando Gutenberg invent\u00f3 la imprenta de tipos m\u00f3viles, cada letra era un sellito independiente de plomo o de madera. <\/p>\n\n\n<div class=\"wp-block-image\">\n<figure class=\"aligncenter size-large\"><img decoding=\"async\" src=\"https:\/\/d1mkprg9bp64fp.cloudfront.net\/wp-content\/blogs.dir\/2\/files\/2013\/02\/ludlow-mats-528x374.jpg\" alt=\"\"\/><figcaption class=\"wp-element-caption\">tipo m\u00f3vil<\/figcaption><\/figure><\/div>\n\n\n<p>Los iban colocando unos al lado de los otros para estampar as\u00ed las palabras. Y dentro de cada palabra, las letras est\u00e1n juntas, pero no unidas, no ligadas. No hab\u00eda manera de unirlas, tal y como concibieron la imprenta, los textos se pod\u00edan leer, pero las letras no se pod\u00edan ligar. No era lo ideal, pero era un mal menor.<\/p>\n\n\n\n<p>Un mal menor que, siglos despu\u00e9s, no quiero que mi hija adquiera al escribir. <\/p>\n\n\n\n<p><\/p>\n\n\n\n<p><\/p>\n","protected":false},"excerpt":{"rendered":"<p>Separar las letras al escribir Mi hija separa las letras dentro de una palabra al escribir. Me refiero a que no las traza ligadas, no escribe ligando las letras, separa las letras al escribir. Las va escribiendo, cada letra, una al lado de la otra a la distancia adecuada para leer bien la palabra, pero &hellip; <\/p>\n","protected":false},"author":1,"featured_media":2221,"comment_status":"open","ping_status":"open","sticky":false,"template":"","format":"standard","meta":{"_mi_skip_tracking":false,"footnotes":""},"categories":[103],"tags":[],"yoast_head":"<!-- This site is optimized with the Yoast SEO plugin v16.2 - https:\/\/yoast.com\/wordpress\/plugins\/seo\/ -->\n<title>Separar las letras al escribir - Esther Gordo Caligraf\u00eda<\/title>\n<meta name=\"description\" content=\"Procura no separar las letras al escribir. Unirlas est\u00e1 avalado por la historia, escribir\u00e1s m\u00e1s r\u00e1pido, y favorece el desarrollo cognitivo.\" \/>\n<meta name=\"robots\" content=\"index, follow, max-snippet:-1, max-image-preview:large, max-video-preview:-1\" \/>\n<link rel=\"canonical\" href=\"https:\/\/esthergordocaligrafia.com\/separar-letras-al-escribir\/\" \/>\n<meta property=\"og:locale\" content=\"es_ES\" \/>\n<meta property=\"og:type\" content=\"article\" \/>\n<meta property=\"og:title\" content=\"Separar las letras al escribir - Esther Gordo Caligraf\u00eda\" \/>\n<meta property=\"og:description\" content=\"Procura no separar las letras al escribir. Unirlas est\u00e1 avalado por la historia, escribir\u00e1s m\u00e1s r\u00e1pido, y favorece el desarrollo cognitivo.\" \/>\n<meta property=\"og:url\" content=\"https:\/\/esthergordocaligrafia.com\/separar-letras-al-escribir\/\" \/>\n<meta property=\"og:site_name\" content=\"Esther Gordo Caligraf\u00eda\" \/>\n<meta property=\"article:publisher\" content=\"https:\/\/www.facebook.com\/EstherGordoCaligrafia\" \/>\n<meta property=\"article:author\" content=\"https:\/\/www.facebook.com\/EstherGordoCaligrafia\" \/>\n<meta property=\"article:published_time\" content=\"2023-09-20T11:28:14+00:00\" \/>\n<meta property=\"article:modified_time\" content=\"2023-10-02T09:47:53+00:00\" \/>\n<meta property=\"og:image\" content=\"https:\/\/esthergordocaligrafia.com\/wp-content\/uploads\/2017\/10\/ductus_caligrafico_alargado_Esther_Gordo.jpg\" \/>\n\t<meta property=\"og:image:width\" content=\"1026\" \/>\n\t<meta property=\"og:image:height\" content=\"226\" \/>\n<meta name=\"twitter:label1\" content=\"Tiempo de lectura\">\n\t<meta name=\"twitter:data1\" content=\"4 minutos\">\n<script type=\"application\/ld+json\" class=\"yoast-schema-graph\">{\"@context\":\"https:\/\/schema.org\",\"@graph\":[{\"@type\":\"WebSite\",\"@id\":\"https:\/\/esthergordocaligrafia.com\/#website\",\"url\":\"https:\/\/esthergordocaligrafia.com\/\",\"name\":\"Esther Gordo Caligraf\\u00eda\",\"description\":\"Trabajos caligr\\u00e1ficos. Cursos de caligraf\\u00eda.\",\"potentialAction\":[{\"@type\":\"SearchAction\",\"target\":\"https:\/\/esthergordocaligrafia.com\/?s={search_term_string}\",\"query-input\":\"required name=search_term_string\"}],\"inLanguage\":\"es\"},{\"@type\":\"ImageObject\",\"@id\":\"https:\/\/esthergordocaligrafia.com\/separar-letras-al-escribir\/#primaryimage\",\"inLanguage\":\"es\",\"url\":\"http:\/\/estherg3-cp6.wordpresstemporal.com\/esthergordocaligrafia.com\/wp-content\/uploads\/2017\/10\/ductus_caligrafico_alargado_Esther_Gordo.jpg\",\"contentUrl\":\"http:\/\/estherg3-cp6.wordpresstemporal.com\/esthergordocaligrafia.com\/wp-content\/uploads\/2017\/10\/ductus_caligrafico_alargado_Esther_Gordo.jpg\",\"width\":1026,\"height\":226,\"caption\":\"Ductus caligrafico.\"},{\"@type\":\"WebPage\",\"@id\":\"https:\/\/esthergordocaligrafia.com\/separar-letras-al-escribir\/#webpage\",\"url\":\"https:\/\/esthergordocaligrafia.com\/separar-letras-al-escribir\/\",\"name\":\"Separar las letras al escribir - Esther Gordo Caligraf\\u00eda\",\"isPartOf\":{\"@id\":\"https:\/\/esthergordocaligrafia.com\/#website\"},\"primaryImageOfPage\":{\"@id\":\"https:\/\/esthergordocaligrafia.com\/separar-letras-al-escribir\/#primaryimage\"},\"datePublished\":\"2023-09-20T11:28:14+00:00\",\"dateModified\":\"2023-10-02T09:47:53+00:00\",\"author\":{\"@id\":\"https:\/\/esthergordocaligrafia.com\/#\/schema\/person\/9fc6722578437d3cf7bab1031997b5f5\"},\"description\":\"Procura no separar las letras al escribir. Unirlas est\\u00e1 avalado por la historia, escribir\\u00e1s m\\u00e1s r\\u00e1pido, y favorece el desarrollo cognitivo.\",\"breadcrumb\":{\"@id\":\"https:\/\/esthergordocaligrafia.com\/separar-letras-al-escribir\/#breadcrumb\"},\"inLanguage\":\"es\",\"potentialAction\":[{\"@type\":\"ReadAction\",\"target\":[\"https:\/\/esthergordocaligrafia.com\/separar-letras-al-escribir\/\"]}]},{\"@type\":\"BreadcrumbList\",\"@id\":\"https:\/\/esthergordocaligrafia.com\/separar-letras-al-escribir\/#breadcrumb\",\"itemListElement\":[{\"@type\":\"ListItem\",\"position\":1,\"item\":{\"@type\":\"WebPage\",\"@id\":\"https:\/\/esthergordocaligrafia.com\/\",\"url\":\"https:\/\/esthergordocaligrafia.com\/\",\"name\":\"Portada\"}},{\"@type\":\"ListItem\",\"position\":2,\"item\":{\"@id\":\"https:\/\/esthergordocaligrafia.com\/separar-letras-al-escribir\/#webpage\"}}]},{\"@type\":\"Person\",\"@id\":\"https:\/\/esthergordocaligrafia.com\/#\/schema\/person\/9fc6722578437d3cf7bab1031997b5f5\",\"name\":\"Esther Gordo\",\"image\":{\"@type\":\"ImageObject\",\"@id\":\"https:\/\/esthergordocaligrafia.com\/#personlogo\",\"inLanguage\":\"es\",\"url\":\"http:\/\/0.gravatar.com\/avatar\/c37a5f0b76d6f9f390919cd73cc176c3?s=96&d=mm&r=g\",\"contentUrl\":\"http:\/\/0.gravatar.com\/avatar\/c37a5f0b76d6f9f390919cd73cc176c3?s=96&d=mm&r=g\",\"caption\":\"Esther Gordo\"},\"description\":\"Caligraf\\u00eda. Trabajos caligr\\u00e1ficos. Cursos de caligraf\\u00eda.\",\"sameAs\":[\"https:\/\/esthergordocaligrafia.com\",\"https:\/\/www.facebook.com\/EstherGordoCaligrafia\",\"https:\/\/twitter.com\/gordoesther\"]}]}<\/script>\n<!-- \/ Yoast SEO plugin. -->","_links":{"self":[{"href":"http:\/\/estherg3-cp6.wordpresstemporal.com\/esthergordocaligrafia.com\/wp-json\/wp\/v2\/posts\/3426"}],"collection":[{"href":"http:\/\/estherg3-cp6.wordpresstemporal.com\/esthergordocaligrafia.com\/wp-json\/wp\/v2\/posts"}],"about":[{"href":"http:\/\/estherg3-cp6.wordpresstemporal.com\/esthergordocaligrafia.com\/wp-json\/wp\/v2\/types\/post"}],"author":[{"embeddable":true,"href":"http:\/\/estherg3-cp6.wordpresstemporal.com\/esthergordocaligrafia.com\/wp-json\/wp\/v2\/users\/1"}],"replies":[{"embeddable":true,"href":"http:\/\/estherg3-cp6.wordpresstemporal.com\/esthergordocaligrafia.com\/wp-json\/wp\/v2\/comments?post=3426"}],"version-history":[{"count":6,"href":"http:\/\/estherg3-cp6.wordpresstemporal.com\/esthergordocaligrafia.com\/wp-json\/wp\/v2\/posts\/3426\/revisions"}],"predecessor-version":[{"id":3432,"href":"http:\/\/estherg3-cp6.wordpresstemporal.com\/esthergordocaligrafia.com\/wp-json\/wp\/v2\/posts\/3426\/revisions\/3432"}],"wp:featuredmedia":[{"embeddable":true,"href":"http:\/\/estherg3-cp6.wordpresstemporal.com\/esthergordocaligrafia.com\/wp-json\/wp\/v2\/media\/2221"}],"wp:attachment":[{"href":"http:\/\/estherg3-cp6.wordpresstemporal.com\/esthergordocaligrafia.com\/wp-json\/wp\/v2\/media?parent=3426"}],"wp:term":[{"taxonomy":"category","embeddable":true,"href":"http:\/\/estherg3-cp6.wordpresstemporal.com\/esthergordocaligrafia.com\/wp-json\/wp\/v2\/categories?post=3426"},{"taxonomy":"post_tag","embeddable":true,"href":"http:\/\/estherg3-cp6.wordpresstemporal.com\/esthergordocaligrafia.com\/wp-json\/wp\/v2\/tags?post=3426"}],"curies":[{"name":"wp","href":"https:\/\/api.w.org\/{rel}","templated":true}]}}