{"id":2500,"date":"2019-09-20T06:00:32","date_gmt":"2019-09-20T06:00:32","guid":{"rendered":"https:\/\/esthergordocaligrafia.com\/?p=2500"},"modified":"2023-05-11T11:01:44","modified_gmt":"2023-05-11T11:01:44","slug":"que-es-el-bullet-journal-2","status":"publish","type":"post","link":"http:\/\/estherg3-cp6.wordpresstemporal.com\/esthergordocaligrafia.com\/que-es-el-bullet-journal-2\/","title":{"rendered":"\u00bfQu\u00e9 es el Bullet Journal? (parte 2)"},"content":{"rendered":"\n<h2 class=\"wp-block-heading\">El primer BuJo que vi<\/h2>\n\n\n\n<p style=\"text-align:left\">La primera vez que vi un Bullet Journal, y que me hablaron de ello, fue una alumna en un taller de caligraf\u00eda en Ideas en Polvo.<br \/>Era Susana. Su Aguado. Su.<\/p>\n\n\n\n<p style=\"text-align:left\">Y resulta que con el tiempo, Su ha pasado de ser alumna. A ser mi profe-coach del bullet journal. Como coment\u00e1bamos el otro d\u00eda: es mi mentora.<\/p>\n\n\n\n<p style=\"text-align:left\"><a rel=\"noreferrer noopener\" aria-label=\"Como ya cont\u00e9 en la primera parte en mi blog (opens in a new tab)\" href=\"https:\/\/esthergordocaligrafia.com\/que-es-el-bullet-journal-1\/\" target=\"_blank\">Como ya cont\u00e9 en la primera parte en mi blog<\/a>, el origen verdadero del Bullet Journal, viene de EEUU, de un se\u00f1or que se llama Ryan, y tal y cual. Pero no es de esto de lo que yo os quiero hablar.<\/p>\n\n\n\n<p style=\"text-align:left\">Pero yo quiero hablaros de \u201cmi origen\u201d del Bullet Journal.<\/p>\n\n\n\n<div class=\"wp-block-image\"><figure class=\"aligncenter\"><img loading=\"lazy\" decoding=\"async\" width=\"1024\" height=\"768\" src=\"https:\/\/esthergordocaligrafia.com\/wp-content\/uploads\/2019\/09\/BulletJournal_Esther_Gordo_Sem24_serif-1024x768.jpg\" alt=\"Semana 24 con letras dibujadas con grandes serifs\" class=\"wp-image-2485\" srcset=\"http:\/\/estherg3-cp6.wordpresstemporal.com\/esthergordocaligrafia.com\/wp-content\/uploads\/2019\/09\/BulletJournal_Esther_Gordo_Sem24_serif.jpg 1024w, http:\/\/estherg3-cp6.wordpresstemporal.com\/esthergordocaligrafia.com\/wp-content\/uploads\/2019\/09\/BulletJournal_Esther_Gordo_Sem24_serif-600x450.jpg 600w, http:\/\/estherg3-cp6.wordpresstemporal.com\/esthergordocaligrafia.com\/wp-content\/uploads\/2019\/09\/BulletJournal_Esther_Gordo_Sem24_serif-300x225.jpg 300w, http:\/\/estherg3-cp6.wordpresstemporal.com\/esthergordocaligrafia.com\/wp-content\/uploads\/2019\/09\/BulletJournal_Esther_Gordo_Sem24_serif-768x576.jpg 768w, http:\/\/estherg3-cp6.wordpresstemporal.com\/esthergordocaligrafia.com\/wp-content\/uploads\/2019\/09\/BulletJournal_Esther_Gordo_Sem24_serif-80x60.jpg 80w\" sizes=\"(max-width: 1024px) 100vw, 1024px\" \/><figcaption>Semana 24 con letras dibujadas con grandes serifs<\/figcaption><\/figure><\/div>\n\n\n\n<h3 class=\"wp-block-heading\">El Bullet Journal de Su Aguado<\/h3>\n\n\n\n<p style=\"text-align:left\">En aquel taller, Su lo sac\u00f3. Porque por supuesto, lo llevaba en su bolso.<\/p>\n\n\n\n<p style=\"text-align:left\">Lo abri\u00f3. Nos lo ense\u00f1\u00f3, y explic\u00f3 un poco por encima qu\u00e9 apunta ella en su BuJo.<\/p>\n\n\n\n<p style=\"text-align:left\">He dicho que \u00abexplic\u00f3 por encima\u00bb, pero ojo, porque le dio tiempo a ense\u00f1arnos y contarnos que :<\/p>\n\n\n\n<ul class=\"align=left\"><li>Llevaba la cuenta de los episodios que va viendo, cu\u00e1les y de qu\u00e9 series (incluso). Sabiendo en consecuencia las horas que le dedica.<\/li><li>El humor con que se levanta cada ma\u00f1ana, en unos gr\u00e1ficos de colores.<\/li><li>Las horas de sue\u00f1o de cada noche. Viendo, con el tiempo, que estas horas de descanso y el humor de cada ma\u00f1ana del punto anterior, tienen una relaci\u00f3n directa. Jaja.<\/li><li>Y por supuesto, tareas para hacer en casa. Tareas para hacer en el trabajo. Con un color asignado a cada uno.<\/li><li>Creo recordar, aunque de esto no estoy segura, que tambi\u00e9n llevaba control del agua que beb\u00eda, o de las frutas que com\u00eda. O algo en definitiva de los h\u00e1bitos alimenticios.<\/li><\/ul>\n\n\n\n<figure class=\"wp-block-image\"><img loading=\"lazy\" decoding=\"async\" width=\"1024\" height=\"768\" src=\"https:\/\/esthergordocaligrafia.com\/wp-content\/uploads\/2019\/09\/BulletJournal_EstherGordo_libros_leidos-1024x768.jpg\" alt=\"Registro de mis libros le\u00eddos en el a\u00f1o\" class=\"wp-image-2488\" srcset=\"http:\/\/estherg3-cp6.wordpresstemporal.com\/esthergordocaligrafia.com\/wp-content\/uploads\/2019\/09\/BulletJournal_EstherGordo_libros_leidos.jpg 1024w, http:\/\/estherg3-cp6.wordpresstemporal.com\/esthergordocaligrafia.com\/wp-content\/uploads\/2019\/09\/BulletJournal_EstherGordo_libros_leidos-600x450.jpg 600w, http:\/\/estherg3-cp6.wordpresstemporal.com\/esthergordocaligrafia.com\/wp-content\/uploads\/2019\/09\/BulletJournal_EstherGordo_libros_leidos-300x225.jpg 300w, http:\/\/estherg3-cp6.wordpresstemporal.com\/esthergordocaligrafia.com\/wp-content\/uploads\/2019\/09\/BulletJournal_EstherGordo_libros_leidos-768x576.jpg 768w, http:\/\/estherg3-cp6.wordpresstemporal.com\/esthergordocaligrafia.com\/wp-content\/uploads\/2019\/09\/BulletJournal_EstherGordo_libros_leidos-80x60.jpg 80w\" sizes=\"(max-width: 1024px) 100vw, 1024px\" \/><figcaption>Registro de mis libros le\u00eddos en el a\u00f1o<\/figcaption><\/figure>\n\n\n\n<h3 class=\"wp-block-heading\">\u00bfUna locura?<\/h3>\n\n\n\n<p style=\"text-align:left\">En definitiva, me hicieron los ojos chiribitas. Me pareci\u00f3 una locura.<br \/>Una locura de estar pendiente de apuntar tanta cosa.<br \/>Una locura de usar tantos colores y generar tanta gr\u00e1fica y registro.<br \/>Una locura de generar conclusiones y sumas y controles.<\/p>\n\n\n\n<p style=\"text-align:left\">En cambio, aunque mis ojos hac\u00edan chiribitas, los de Su Aguado eran todo brillo. De un brillo intenso.<br \/>Lo contaba con una contundencia que pasmaba.<\/p>\n\n\n\n<p style=\"text-align:left\">Y afirmaba encima que no era una carga, si no todo lo contrario. Para el poco tiempo que le dedicaba, era incre\u00edblemente \u00fatil a la larga.<\/p>\n\n\n\n<figure class=\"wp-block-image\"><img loading=\"lazy\" decoding=\"async\" width=\"1024\" height=\"768\" src=\"https:\/\/esthergordocaligrafia.com\/wp-content\/uploads\/2019\/09\/BulletJournal_Esther_Gordo_Sem35-1024x768.jpg\" alt=\"\" class=\"wp-image-2486\" srcset=\"http:\/\/estherg3-cp6.wordpresstemporal.com\/esthergordocaligrafia.com\/wp-content\/uploads\/2019\/09\/BulletJournal_Esther_Gordo_Sem35.jpg 1024w, http:\/\/estherg3-cp6.wordpresstemporal.com\/esthergordocaligrafia.com\/wp-content\/uploads\/2019\/09\/BulletJournal_Esther_Gordo_Sem35-600x450.jpg 600w, http:\/\/estherg3-cp6.wordpresstemporal.com\/esthergordocaligrafia.com\/wp-content\/uploads\/2019\/09\/BulletJournal_Esther_Gordo_Sem35-300x225.jpg 300w, http:\/\/estherg3-cp6.wordpresstemporal.com\/esthergordocaligrafia.com\/wp-content\/uploads\/2019\/09\/BulletJournal_Esther_Gordo_Sem35-768x576.jpg 768w, http:\/\/estherg3-cp6.wordpresstemporal.com\/esthergordocaligrafia.com\/wp-content\/uploads\/2019\/09\/BulletJournal_Esther_Gordo_Sem35-80x60.jpg 80w\" sizes=\"(max-width: 1024px) 100vw, 1024px\" \/><\/figure>\n\n\n\n<h3 class=\"wp-block-heading\">Nota mental: El Bullet Journal merece un an\u00e1lisis<\/h3>\n\n\n\n<p style=\"text-align:left\">Su Aguado iba pasando por encima por mis percepciones de locura, y dejando una nota mental de \u201cesto hay que analizarlo con calma un d\u00eda\u201d.<\/p>\n\n\n\n<p style=\"text-align:left\">Y como en ese momento no ten\u00eda Bullet Journal para apuntarme esa nota mental, tard\u00e9 m\u00e1s de un a\u00f1o en conseguir sentarme a analizarlo\u2026<\/p>\n\n\n\n<p style=\"text-align:left\">Mi momento lleg\u00f3 cuando desde <a rel=\"noreferrer noopener\" aria-label=\"Ideas en Polvo sacaron un taller (opens in a new tab)\" href=\"https:\/\/www.thehobbymaker.com\/user\/ideas-enpolvo\/\" target=\"_blank\"><span style=\"text-decoration: underline;\">Ideas en Polvo sacaron un taller<\/span><\/a> de Bullet Journal, impartido por supuesto por Su Aguado.<\/p>\n\n\n\n<p style=\"text-align:left\">Me hice con una plaza en el mismo momento en que me enter\u00e9.<\/p>\n\n\n\n<p style=\"text-align:left\">El taller fue en febrero 2019. Iniciamos una libreta en el taller. Y ahora, septiembre de 2019, estoy pensando en iniciar otra con el principio de curso escolar. Parecer\u00e1 que me he venido arriba, pero es que la libreta de Rhodia que nos dieron en el taller, ya llega a su fin : ). Y ahora estoy disfrutando de la decisi\u00f3n de qui\u00e9n ser\u00e1 mi nueva libreta para mi BuJo. Como siempre: despacito y buena letra.<\/p>\n\n\n\n<blockquote class=\"instagram-media\" data-instgrm-permalink=\"https:\/\/www.instagram.com\/p\/BxYG5cojyQL\/?utm_source=ig_embed&amp;utm_campaign=loading\" data-instgrm-version=\"12\" style=\" background:#FFF; border:0; border-radius:3px; box-shadow:0 0 1px 0 rgba(0,0,0,0.5),0 1px 10px 0 rgba(0,0,0,0.15); margin: 1px; max-width:540px; min-width:326px; padding:0; width:99.375%; width:-webkit-calc(100% - 2px); width:calc(100% - 2px);\"><div style=\"padding:16px;\"> <a href=\"https:\/\/www.instagram.com\/p\/BxYG5cojyQL\/?utm_source=ig_embed&amp;utm_campaign=loading\" style=\" background:#FFFFFF; line-height:0; padding:0 0; text-align:center; text-decoration:none; width:100%;\" target=\"_blank\" rel=\"noopener noreferrer\"> <div style=\" display: flex; flex-direction: row; align-items: center;\"> <div style=\"background-color: #F4F4F4; border-radius: 50%; flex-grow: 0; height: 40px; margin-right: 14px; width: 40px;\"><\/div> <div style=\"display: flex; flex-direction: column; flex-grow: 1; justify-content: center;\"> <div style=\" background-color: #F4F4F4; border-radius: 4px; flex-grow: 0; height: 14px; margin-bottom: 6px; width: 100px;\"><\/div> <div style=\" background-color: #F4F4F4; border-radius: 4px; flex-grow: 0; height: 14px; width: 60px;\"><\/div><\/div><\/div><div style=\"padding: 19% 0;\"><\/div> <div style=\"display:block; height:50px; margin:0 auto 12px; width:50px;\"><svg width=\"50px\" height=\"50px\" viewbox=\"0 0 60 60\" version=\"1.1\" xmlns=\"https:\/\/www.w3.org\/2000\/svg\" xmlns:xlink=\"https:\/\/www.w3.org\/1999\/xlink\"><g stroke=\"none\" stroke-width=\"1\" fill=\"none\" fill-rule=\"evenodd\"><g transform=\"translate(-511.000000, -20.000000)\" fill=\"#000000\"><g><path d=\"M556.869,30.41 C554.814,30.41 553.148,32.076 553.148,34.131 C553.148,36.186 554.814,37.852 556.869,37.852 C558.924,37.852 560.59,36.186 560.59,34.131 C560.59,32.076 558.924,30.41 556.869,30.41 M541,60.657 C535.114,60.657 530.342,55.887 530.342,50 C530.342,44.114 535.114,39.342 541,39.342 C546.887,39.342 551.658,44.114 551.658,50 C551.658,55.887 546.887,60.657 541,60.657 M541,33.886 C532.1,33.886 524.886,41.1 524.886,50 C524.886,58.899 532.1,66.113 541,66.113 C549.9,66.113 557.115,58.899 557.115,50 C557.115,41.1 549.9,33.886 541,33.886 M565.378,62.101 C565.244,65.022 564.756,66.606 564.346,67.663 C563.803,69.06 563.154,70.057 562.106,71.106 C561.058,72.155 560.06,72.803 558.662,73.347 C557.607,73.757 556.021,74.244 553.102,74.378 C549.944,74.521 548.997,74.552 541,74.552 C533.003,74.552 532.056,74.521 528.898,74.378 C525.979,74.244 524.393,73.757 523.338,73.347 C521.94,72.803 520.942,72.155 519.894,71.106 C518.846,70.057 518.197,69.06 517.654,67.663 C517.244,66.606 516.755,65.022 516.623,62.101 C516.479,58.943 516.448,57.996 516.448,50 C516.448,42.003 516.479,41.056 516.623,37.899 C516.755,34.978 517.244,33.391 517.654,32.338 C518.197,30.938 518.846,29.942 519.894,28.894 C520.942,27.846 521.94,27.196 523.338,26.654 C524.393,26.244 525.979,25.756 528.898,25.623 C532.057,25.479 533.004,25.448 541,25.448 C548.997,25.448 549.943,25.479 553.102,25.623 C556.021,25.756 557.607,26.244 558.662,26.654 C560.06,27.196 561.058,27.846 562.106,28.894 C563.154,29.942 563.803,30.938 564.346,32.338 C564.756,33.391 565.244,34.978 565.378,37.899 C565.522,41.056 565.552,42.003 565.552,50 C565.552,57.996 565.522,58.943 565.378,62.101 M570.82,37.631 C570.674,34.438 570.167,32.258 569.425,30.349 C568.659,28.377 567.633,26.702 565.965,25.035 C564.297,23.368 562.623,22.342 560.652,21.575 C558.743,20.834 556.562,20.326 553.369,20.18 C550.169,20.033 549.148,20 541,20 C532.853,20 531.831,20.033 528.631,20.18 C525.438,20.326 523.257,20.834 521.349,21.575 C519.376,22.342 517.703,23.368 516.035,25.035 C514.368,26.702 513.342,28.377 512.574,30.349 C511.834,32.258 511.326,34.438 511.181,37.631 C511.035,40.831 511,41.851 511,50 C511,58.147 511.035,59.17 511.181,62.369 C511.326,65.562 511.834,67.743 512.574,69.651 C513.342,71.625 514.368,73.296 516.035,74.965 C517.703,76.634 519.376,77.658 521.349,78.425 C523.257,79.167 525.438,79.673 528.631,79.82 C531.831,79.965 532.853,80.001 541,80.001 C549.148,80.001 550.169,79.965 553.369,79.82 C556.562,79.673 558.743,79.167 560.652,78.425 C562.623,77.658 564.297,76.634 565.965,74.965 C567.633,73.296 568.659,71.625 569.425,69.651 C570.167,67.743 570.674,65.562 570.82,62.369 C570.966,59.17 571,58.147 571,50 C571,41.851 570.966,40.831 570.82,37.631\"><\/path><\/g><\/g><\/g><\/svg><\/div><div style=\"padding-top: 8px;\"> <div style=\" color:#3897f0; font-family:Arial,sans-serif; font-size:14px; font-style:normal; font-weight:550; line-height:18px;\"> Ver esta publicaci\u00f3n en Instagram<\/div><\/div><div style=\"padding: 12.5% 0;\"><\/div> <div style=\"display: flex; flex-direction: row; margin-bottom: 14px; align-items: center;\"><div> <div style=\"background-color: #F4F4F4; border-radius: 50%; height: 12.5px; width: 12.5px; transform: translateX(0px) translateY(7px);\"><\/div> <div style=\"background-color: #F4F4F4; height: 12.5px; transform: rotate(-45deg) translateX(3px) translateY(1px); width: 12.5px; flex-grow: 0; margin-right: 14px; margin-left: 2px;\"><\/div> <div style=\"background-color: #F4F4F4; border-radius: 50%; height: 12.5px; width: 12.5px; transform: translateX(9px) translateY(-18px);\"><\/div><\/div><div style=\"margin-left: 8px;\"> <div style=\" background-color: #F4F4F4; border-radius: 50%; flex-grow: 0; height: 20px; width: 20px;\"><\/div> <div style=\" width: 0; height: 0; border-top: 2px solid transparent; border-left: 6px solid #f4f4f4; border-bottom: 2px solid transparent; transform: translateX(16px) translateY(-4px) rotate(30deg)\"><\/div><\/div><div style=\"margin-left: auto;\"> <div style=\" width: 0px; border-top: 8px solid #F4F4F4; border-right: 8px solid transparent; transform: translateY(16px);\"><\/div> <div style=\" background-color: #F4F4F4; flex-grow: 0; height: 12px; width: 16px; transform: translateY(-4px);\"><\/div> <div style=\" width: 0; height: 0; border-top: 8px solid #F4F4F4; border-left: 8px solid transparent; transform: translateY(-4px) translateX(8px);\"><\/div><\/div><\/div> <div style=\"display: flex; flex-direction: column; flex-grow: 1; justify-content: center; margin-bottom: 24px;\"> <div style=\" background-color: #F4F4F4; border-radius: 4px; flex-grow: 0; height: 14px; margin-bottom: 6px; width: 224px;\"><\/div> <div style=\" background-color: #F4F4F4; border-radius: 4px; flex-grow: 0; height: 14px; width: 144px;\"><\/div><\/div><\/a><p style=\" color:#c9c8cd; font-family:Arial,sans-serif; font-size:14px; line-height:17px; margin-bottom:0; margin-top:8px; overflow:hidden; padding:8px 0 7px; text-align:center; text-overflow:ellipsis; white-space:nowrap;\"><a href=\"https:\/\/www.instagram.com\/p\/BxYG5cojyQL\/?utm_source=ig_embed&amp;utm_campaign=loading\" style=\" color:#c9c8cd; font-family:Arial,sans-serif; font-size:14px; font-style:normal; font-weight:normal; line-height:17px; text-decoration:none;\" target=\"_blank\" rel=\"noopener noreferrer\">Una publicaci\u00f3n compartida de Esther Gordo (@gordocaligrafia)<\/a> el <time style=\" font-family:Arial,sans-serif; font-size:14px; line-height:17px;\" datetime=\"2019-05-12T20:56:36+00:00\">12 May, 2019 a las 1:56 PDT<\/time><\/p><\/div><\/blockquote>\n\n\n\n<script async=\"\" src=\"\/\/www.instagram.com\/embed.js\"><\/script>\n\n\n\n<p style=\"text-align:left\">Al taller asistimos dos tipos de alumnos: los que estaban interesados en t\u00e9cnicas de decoraci\u00f3n para el BuJo, y los que est\u00e1bamos interesados en mejorar la productividad gracias a \u00e9l.<br \/>Y todos salimos contentos. Eso demuestra lo bien montado que est\u00e1.<\/p>\n\n\n\n<p style=\"text-align:left\">Aparte de mejorar mi productividad (por desgracia, mejorar no es hacerla infalible). He conseguido aumentar mis pr\u00e1cticas de lettering. Una por semana al menos : )<br \/>Y ya, solo por esto, ha merecido la pena llevar un BuJo siempre encima.<br \/>\u00a1Gracias Su!<\/p>\n","protected":false},"excerpt":{"rendered":"<p>Mi hicieron chiribitas los ojos la primera vez que vi un Bullet Journal. Y pens\u00e9 que eso no ser\u00eda, ni de broma, para m\u00eda&#8230; Y ya ves. \u00a1Ahora estoy encantada!<\/p>\n","protected":false},"author":1,"featured_media":2502,"comment_status":"open","ping_status":"open","sticky":false,"template":"","format":"standard","meta":{"_mi_skip_tracking":false,"footnotes":""},"categories":[103,34,53],"tags":[],"yoast_head":"<!-- This site is optimized with the Yoast SEO plugin v16.2 - https:\/\/yoast.com\/wordpress\/plugins\/seo\/ -->\n<title>\u00bfQu\u00e9 es el Bullet Journal? (parte 2) - Esther Gordo Caligraf\u00eda<\/title>\n<meta name=\"robots\" content=\"index, follow, max-snippet:-1, max-image-preview:large, max-video-preview:-1\" \/>\n<link rel=\"canonical\" href=\"https:\/\/esthergordocaligrafia.com\/que-es-el-bullet-journal-2\/\" \/>\n<meta property=\"og:locale\" content=\"es_ES\" \/>\n<meta property=\"og:type\" content=\"article\" \/>\n<meta property=\"og:title\" content=\"\u00bfQu\u00e9 es el Bullet Journal? (parte 2) - Esther Gordo Caligraf\u00eda\" \/>\n<meta property=\"og:description\" content=\"Mi hicieron chiribitas los ojos la primera vez que vi un Bullet Journal. Y pens\u00e9 que eso no ser\u00eda, ni de broma, para m\u00eda... Y ya ves. \u00a1Ahora estoy encantada!\" \/>\n<meta property=\"og:url\" content=\"https:\/\/esthergordocaligrafia.com\/que-es-el-bullet-journal-2\/\" \/>\n<meta property=\"og:site_name\" content=\"Esther Gordo Caligraf\u00eda\" \/>\n<meta property=\"article:publisher\" content=\"https:\/\/www.facebook.com\/EstherGordoCaligrafia\" \/>\n<meta property=\"article:author\" content=\"https:\/\/www.facebook.com\/EstherGordoCaligrafia\" \/>\n<meta property=\"article:published_time\" content=\"2019-09-20T06:00:32+00:00\" \/>\n<meta property=\"article:modified_time\" content=\"2023-05-11T11:01:44+00:00\" \/>\n<meta property=\"og:image\" content=\"https:\/\/esthergordocaligrafia.com\/wp-content\/uploads\/2019\/09\/cropped-BulletJournal_EstherGordo_vacaciones.jpg\" \/>\n\t<meta property=\"og:image:width\" content=\"1024\" \/>\n\t<meta property=\"og:image:height\" content=\"576\" \/>\n<meta name=\"twitter:label1\" content=\"Tiempo de lectura\">\n\t<meta name=\"twitter:data1\" content=\"3 minutos\">\n<script type=\"application\/ld+json\" class=\"yoast-schema-graph\">{\"@context\":\"https:\/\/schema.org\",\"@graph\":[{\"@type\":\"WebSite\",\"@id\":\"https:\/\/esthergordocaligrafia.com\/#website\",\"url\":\"https:\/\/esthergordocaligrafia.com\/\",\"name\":\"Esther Gordo Caligraf\\u00eda\",\"description\":\"Trabajos caligr\\u00e1ficos. Cursos de caligraf\\u00eda.\",\"potentialAction\":[{\"@type\":\"SearchAction\",\"target\":\"https:\/\/esthergordocaligrafia.com\/?s={search_term_string}\",\"query-input\":\"required name=search_term_string\"}],\"inLanguage\":\"es\"},{\"@type\":\"ImageObject\",\"@id\":\"https:\/\/esthergordocaligrafia.com\/que-es-el-bullet-journal-2\/#primaryimage\",\"inLanguage\":\"es\",\"url\":\"http:\/\/estherg3-cp6.wordpresstemporal.com\/esthergordocaligrafia.com\/wp-content\/uploads\/2019\/09\/cropped-BulletJournal_EstherGordo_vacaciones.jpg\",\"contentUrl\":\"http:\/\/estherg3-cp6.wordpresstemporal.com\/esthergordocaligrafia.com\/wp-content\/uploads\/2019\/09\/cropped-BulletJournal_EstherGordo_vacaciones.jpg\",\"width\":1024,\"height\":576},{\"@type\":\"WebPage\",\"@id\":\"https:\/\/esthergordocaligrafia.com\/que-es-el-bullet-journal-2\/#webpage\",\"url\":\"https:\/\/esthergordocaligrafia.com\/que-es-el-bullet-journal-2\/\",\"name\":\"\\u00bfQu\\u00e9 es el Bullet Journal? (parte 2) - Esther Gordo Caligraf\\u00eda\",\"isPartOf\":{\"@id\":\"https:\/\/esthergordocaligrafia.com\/#website\"},\"primaryImageOfPage\":{\"@id\":\"https:\/\/esthergordocaligrafia.com\/que-es-el-bullet-journal-2\/#primaryimage\"},\"datePublished\":\"2019-09-20T06:00:32+00:00\",\"dateModified\":\"2023-05-11T11:01:44+00:00\",\"author\":{\"@id\":\"https:\/\/esthergordocaligrafia.com\/#\/schema\/person\/9fc6722578437d3cf7bab1031997b5f5\"},\"breadcrumb\":{\"@id\":\"https:\/\/esthergordocaligrafia.com\/que-es-el-bullet-journal-2\/#breadcrumb\"},\"inLanguage\":\"es\",\"potentialAction\":[{\"@type\":\"ReadAction\",\"target\":[\"https:\/\/esthergordocaligrafia.com\/que-es-el-bullet-journal-2\/\"]}]},{\"@type\":\"BreadcrumbList\",\"@id\":\"https:\/\/esthergordocaligrafia.com\/que-es-el-bullet-journal-2\/#breadcrumb\",\"itemListElement\":[{\"@type\":\"ListItem\",\"position\":1,\"item\":{\"@type\":\"WebPage\",\"@id\":\"https:\/\/esthergordocaligrafia.com\/\",\"url\":\"https:\/\/esthergordocaligrafia.com\/\",\"name\":\"Portada\"}},{\"@type\":\"ListItem\",\"position\":2,\"item\":{\"@id\":\"https:\/\/esthergordocaligrafia.com\/que-es-el-bullet-journal-2\/#webpage\"}}]},{\"@type\":\"Person\",\"@id\":\"https:\/\/esthergordocaligrafia.com\/#\/schema\/person\/9fc6722578437d3cf7bab1031997b5f5\",\"name\":\"Esther Gordo\",\"image\":{\"@type\":\"ImageObject\",\"@id\":\"https:\/\/esthergordocaligrafia.com\/#personlogo\",\"inLanguage\":\"es\",\"url\":\"http:\/\/0.gravatar.com\/avatar\/c37a5f0b76d6f9f390919cd73cc176c3?s=96&d=mm&r=g\",\"contentUrl\":\"http:\/\/0.gravatar.com\/avatar\/c37a5f0b76d6f9f390919cd73cc176c3?s=96&d=mm&r=g\",\"caption\":\"Esther Gordo\"},\"description\":\"Caligraf\\u00eda. Trabajos caligr\\u00e1ficos. Cursos de caligraf\\u00eda.\",\"sameAs\":[\"https:\/\/esthergordocaligrafia.com\",\"https:\/\/www.facebook.com\/EstherGordoCaligrafia\",\"https:\/\/twitter.com\/gordoesther\"]}]}<\/script>\n<!-- \/ Yoast SEO plugin. -->","_links":{"self":[{"href":"http:\/\/estherg3-cp6.wordpresstemporal.com\/esthergordocaligrafia.com\/wp-json\/wp\/v2\/posts\/2500"}],"collection":[{"href":"http:\/\/estherg3-cp6.wordpresstemporal.com\/esthergordocaligrafia.com\/wp-json\/wp\/v2\/posts"}],"about":[{"href":"http:\/\/estherg3-cp6.wordpresstemporal.com\/esthergordocaligrafia.com\/wp-json\/wp\/v2\/types\/post"}],"author":[{"embeddable":true,"href":"http:\/\/estherg3-cp6.wordpresstemporal.com\/esthergordocaligrafia.com\/wp-json\/wp\/v2\/users\/1"}],"replies":[{"embeddable":true,"href":"http:\/\/estherg3-cp6.wordpresstemporal.com\/esthergordocaligrafia.com\/wp-json\/wp\/v2\/comments?post=2500"}],"version-history":[{"count":8,"href":"http:\/\/estherg3-cp6.wordpresstemporal.com\/esthergordocaligrafia.com\/wp-json\/wp\/v2\/posts\/2500\/revisions"}],"predecessor-version":[{"id":2531,"href":"http:\/\/estherg3-cp6.wordpresstemporal.com\/esthergordocaligrafia.com\/wp-json\/wp\/v2\/posts\/2500\/revisions\/2531"}],"wp:featuredmedia":[{"embeddable":true,"href":"http:\/\/estherg3-cp6.wordpresstemporal.com\/esthergordocaligrafia.com\/wp-json\/wp\/v2\/media\/2502"}],"wp:attachment":[{"href":"http:\/\/estherg3-cp6.wordpresstemporal.com\/esthergordocaligrafia.com\/wp-json\/wp\/v2\/media?parent=2500"}],"wp:term":[{"taxonomy":"category","embeddable":true,"href":"http:\/\/estherg3-cp6.wordpresstemporal.com\/esthergordocaligrafia.com\/wp-json\/wp\/v2\/categories?post=2500"},{"taxonomy":"post_tag","embeddable":true,"href":"http:\/\/estherg3-cp6.wordpresstemporal.com\/esthergordocaligrafia.com\/wp-json\/wp\/v2\/tags?post=2500"}],"curies":[{"name":"wp","href":"https:\/\/api.w.org\/{rel}","templated":true}]}}