{"id":2217,"date":"2017-10-18T15:24:25","date_gmt":"2017-10-18T15:24:25","guid":{"rendered":"https:\/\/esthergordocaligrafia.com\/?p=2217"},"modified":"2017-10-18T15:32:07","modified_gmt":"2017-10-18T15:32:07","slug":"caligrafia-ductus","status":"publish","type":"post","link":"http:\/\/estherg3-cp6.wordpresstemporal.com\/esthergordocaligrafia.com\/caligrafia-ductus\/","title":{"rendered":"Desde cero: el ductus"},"content":{"rendered":"<h1>El ductus<\/h1>\n<p>Me encanta tirar de diccionario.<br \/>\nEl espa\u00f1ol tiene tanta riqueza e importancia que lo merece.<br \/>\nY la etimolog\u00eda de las palabras, me vuelve loca.<br \/>\nMe parece la mar de interesante.<\/p>\n<p>Pero ductus, la palabra del t\u00edtulo, no viene en el diccionario.<br \/>\nOMG<br \/>\nEn cambio ducto s\u00ed:<\/p>\n<h4>ducto<\/h4>\n<p>Del segundo elem. de acueducto, gasoducto, oleoducto, etc., y este del lat. ductus &#8216;conducci\u00f3n&#8217;.<br \/>\n1. m. Am. Conducto, canal, tuber\u00eda.<\/p>\n<p><img loading=\"lazy\" decoding=\"async\" class=\"size-full wp-image-2220\" src=\"https:\/\/esthergordocaligrafia.com\/wp-content\/uploads\/2017\/10\/definicion_ducto_ductus-RAE.jpg\" alt=\"Definici\u00f3n de Ducto (ductus) seg\u00fan la RAE\" width=\"494\" height=\"167\" srcset=\"http:\/\/estherg3-cp6.wordpresstemporal.com\/esthergordocaligrafia.com\/wp-content\/uploads\/2017\/10\/definicion_ducto_ductus-RAE.jpg 494w, http:\/\/estherg3-cp6.wordpresstemporal.com\/esthergordocaligrafia.com\/wp-content\/uploads\/2017\/10\/definicion_ducto_ductus-RAE-300x101.jpg 300w\" sizes=\"(max-width: 494px) 100vw, 494px\" \/><\/p>\n<h4>Del lat\u00edn<\/h4>\n<p>Lo que ocurre con \u201cductus\u201d es que es una palabra del lat\u00edn.<br \/>\nDe hecho, ah\u00ed est\u00e1, en la etimolog\u00eda de la palabra \u201cducto\u201d.<br \/>\nDe aqu\u00ed derivan acueducto, oleoducto, conducci\u00f3n\u2026<\/p>\n<h2>El camino<\/h2>\n<p>Y lo que yo vengo a contar es que ese t\u00e9rmino lo empleamos en caligraf\u00eda para determinar el recorrido que hace nuestro \u00fatil de escritura sobre la superficie a escribir.<br \/>\nEs decir: Por donde va el l\u00e1piz en el papel para trazar las letras.<br \/>\nNo estamos inventando nada ahora. El ser humano lleva siglos escribiendo, y hay un par de cosas claras (e importantes):<\/p>\n<ul>\n<li>el camino a recorrer est\u00e1 pr\u00e1cticamente establecido.<\/li>\n<li>las letras dentro de una misma palabra, \u00a1han de estar enlazadas!<\/li>\n<\/ul>\n<figure id=\"attachment_2219\" aria-describedby=\"caption-attachment-2219\" style=\"width: 590px\" class=\"wp-caption alignnone\"><img loading=\"lazy\" decoding=\"async\" class=\"size-full wp-image-2219\" src=\"https:\/\/esthergordocaligrafia.com\/wp-content\/uploads\/2017\/10\/abecedario-ductus-un-trazo.jpg\" alt=\"Abecedario escrito con un trazo continuo.\" width=\"590\" height=\"589\" srcset=\"http:\/\/estherg3-cp6.wordpresstemporal.com\/esthergordocaligrafia.com\/wp-content\/uploads\/2017\/10\/abecedario-ductus-un-trazo.jpg 590w, http:\/\/estherg3-cp6.wordpresstemporal.com\/esthergordocaligrafia.com\/wp-content\/uploads\/2017\/10\/abecedario-ductus-un-trazo-300x300.jpg 300w, http:\/\/estherg3-cp6.wordpresstemporal.com\/esthergordocaligrafia.com\/wp-content\/uploads\/2017\/10\/abecedario-ductus-un-trazo-100x100.jpg 100w, http:\/\/estherg3-cp6.wordpresstemporal.com\/esthergordocaligrafia.com\/wp-content\/uploads\/2017\/10\/abecedario-ductus-un-trazo-150x150.jpg 150w\" sizes=\"(max-width: 590px) 100vw, 590px\" \/><figcaption id=\"caption-attachment-2219\" class=\"wp-caption-text\">Abecedario escrito con un trazo continuo.<\/figcaption><\/figure>\n<h3>Valor l\u00f3gico del ductus<\/h3>\n<p>Ya <a style=\"color: #00aabb;\" href=\"https:\/\/esthergordocaligrafia.com\/buen-caligrafo-rufino-blanco-y-sanchez\/\" target=\"_blank\" rel=\"noopener\">he hablado de Rufino Blanco y S\u00e1nchez<\/a> y de su \u00abArte de la escritura y de la caligraf\u00eda\u00bb. Aqu\u00ed va una porci\u00f3n hablando del ductus:<\/p>\n<blockquote><p>Las letras de una palabra se escriben enlazadas, unas a continuaci\u00f3n de otras, por lo cual, el ligado, trabaz\u00f3n o enlace no es s\u00f3lo un elemento caligr\u00e1fico, sitio tambi\u00e9n un signo de valor l\u00f3gico, puesto que el ligado de las letras en combinaci\u00f3n con las distancias da idea de la palabra como unidad(\u2026). Es, pues, el ligado causa de claridad en la escritura.<\/p>\n<p>Como elemento caligr\u00e1fico tiene tambi\u00e9n el ligado mucha importancia, porque relaciona formas y produce, por esto, combinaci\u00f3n de l\u00edneas, lo cual aumenta las condiciones est\u00e9ticas de la letra, da soltura y liberalidad al trazado, y es motivo de la mayor velocidad de la letra<\/p><\/blockquote>\n<p><img loading=\"lazy\" decoding=\"async\" class=\"size-full wp-image-2221\" src=\"https:\/\/esthergordocaligrafia.com\/wp-content\/uploads\/2017\/10\/ductus_caligrafico_alargado_Esther_Gordo.jpg\" alt=\"Ductus caligrafico.\" width=\"1026\" height=\"226\" srcset=\"http:\/\/estherg3-cp6.wordpresstemporal.com\/esthergordocaligrafia.com\/wp-content\/uploads\/2017\/10\/ductus_caligrafico_alargado_Esther_Gordo.jpg 1026w, http:\/\/estherg3-cp6.wordpresstemporal.com\/esthergordocaligrafia.com\/wp-content\/uploads\/2017\/10\/ductus_caligrafico_alargado_Esther_Gordo-600x132.jpg 600w, http:\/\/estherg3-cp6.wordpresstemporal.com\/esthergordocaligrafia.com\/wp-content\/uploads\/2017\/10\/ductus_caligrafico_alargado_Esther_Gordo-300x66.jpg 300w, http:\/\/estherg3-cp6.wordpresstemporal.com\/esthergordocaligrafia.com\/wp-content\/uploads\/2017\/10\/ductus_caligrafico_alargado_Esther_Gordo-768x169.jpg 768w, http:\/\/estherg3-cp6.wordpresstemporal.com\/esthergordocaligrafia.com\/wp-content\/uploads\/2017\/10\/ductus_caligrafico_alargado_Esther_Gordo-1024x226.jpg 1024w\" sizes=\"(max-width: 1026px) 100vw, 1026px\" \/><\/p>\n<p>&nbsp;<\/p>\n<h3>Bonus<\/h3>\n<p>Esta entrada sobre el ductus la ten\u00eda en borradores. Esperando. A a\u00f1adir unas fotos, unos enlaces y ser publicada. Y si he recordado que ten\u00eda que publicarla, ha sido gracias a Roberto.<\/p>\n<p>Roberto es un alumno del \u00faltimo curso que impart\u00ed, y a su vez es un profesor que tuve \u00a1en el colegio!.<br \/>\nMenuda ilusi\u00f3n (y presi\u00f3n, jaja) fue tenerle de alumno. Yo feliz de que quisiera asistir a uno de mis cursos.<\/p>\n<p>Y al d\u00eda siguiente, public\u00f3 <a style=\"color: #00aabb;\" href=\"http:\/\/pucelaacapella.blogspot.com.es\/2017\/09\/esther-gordo-y-la-caligrafia-buscando.html\" target=\"_blank\" rel=\"noopener\">una entrada sobre la caligraf\u00eda (y la b\u00fasqueda de su ductus : <\/a>)) en su blog. \u00a1Gracias Roberto! : )<\/p>\n","protected":false},"excerpt":{"rendered":"<p>El ductus Me encanta tirar de diccionario. El espa\u00f1ol tiene tanta riqueza e importancia que lo merece. Y la etimolog\u00eda de las palabras, me vuelve loca. Me parece la mar de interesante. Pero ductus, la palabra del t\u00edtulo, no viene en el diccionario. OMG En cambio ducto s\u00ed: ducto Del segundo elem. de acueducto, gasoducto, &hellip; <\/p>\n","protected":false},"author":1,"featured_media":2222,"comment_status":"open","ping_status":"open","sticky":false,"template":"","format":"standard","meta":{"_mi_skip_tracking":false,"footnotes":""},"categories":[103],"tags":[],"yoast_head":"<!-- This site is optimized with the Yoast SEO plugin v16.2 - https:\/\/yoast.com\/wordpress\/plugins\/seo\/ -->\n<title>Desde cero: el ductus - Conceptos caligr\u00e1ficos - Esther Gordo Caligraf\u00eda<\/title>\n<meta name=\"description\" content=\"Consejos caligr\u00e1ficos b\u00e1sicos: \u00bfQu\u00e9 es el ductus? El camino que traza la pluma al escribir. Llevamos siglos haci\u00e9ndolo bien. Nos da velocidad al escribir.\" \/>\n<meta name=\"robots\" content=\"index, follow, max-snippet:-1, max-image-preview:large, max-video-preview:-1\" \/>\n<link rel=\"canonical\" href=\"http:\/\/estherg3-cp6.wordpresstemporal.com\/esthergordocaligrafia.com\/caligrafia-ductus\/\" \/>\n<meta property=\"og:locale\" content=\"es_ES\" \/>\n<meta property=\"og:type\" content=\"article\" \/>\n<meta property=\"og:title\" content=\"Desde cero: el ductus - Conceptos caligr\u00e1ficos - Esther Gordo Caligraf\u00eda\" \/>\n<meta property=\"og:description\" content=\"Consejos caligr\u00e1ficos b\u00e1sicos: \u00bfQu\u00e9 es el ductus? El camino que traza la pluma al escribir. Llevamos siglos haci\u00e9ndolo bien. Nos da velocidad al escribir.\" \/>\n<meta property=\"og:url\" content=\"http:\/\/estherg3-cp6.wordpresstemporal.com\/esthergordocaligrafia.com\/caligrafia-ductus\/\" \/>\n<meta property=\"og:site_name\" content=\"Esther Gordo Caligraf\u00eda\" \/>\n<meta property=\"article:publisher\" content=\"https:\/\/www.facebook.com\/EstherGordoCaligrafia\" \/>\n<meta property=\"article:author\" content=\"https:\/\/www.facebook.com\/EstherGordoCaligrafia\" \/>\n<meta property=\"article:published_time\" content=\"2017-10-18T15:24:25+00:00\" \/>\n<meta property=\"article:modified_time\" content=\"2017-10-18T15:32:07+00:00\" \/>\n<meta property=\"og:image\" content=\"https:\/\/esthergordocaligrafia.com\/wp-content\/uploads\/2017\/10\/ductus_caligrafico_rect_Esther_Gordo.jpg\" \/>\n\t<meta property=\"og:image:width\" content=\"628\" \/>\n\t<meta property=\"og:image:height\" content=\"423\" \/>\n<meta name=\"twitter:label1\" content=\"Tiempo de lectura\">\n\t<meta name=\"twitter:data1\" content=\"2 minutos\">\n<script type=\"application\/ld+json\" class=\"yoast-schema-graph\">{\"@context\":\"https:\/\/schema.org\",\"@graph\":[{\"@type\":\"WebSite\",\"@id\":\"https:\/\/esthergordocaligrafia.com\/#website\",\"url\":\"https:\/\/esthergordocaligrafia.com\/\",\"name\":\"Esther Gordo Caligraf\\u00eda\",\"description\":\"Trabajos caligr\\u00e1ficos. Cursos de caligraf\\u00eda.\",\"potentialAction\":[{\"@type\":\"SearchAction\",\"target\":\"https:\/\/esthergordocaligrafia.com\/?s={search_term_string}\",\"query-input\":\"required name=search_term_string\"}],\"inLanguage\":\"es\"},{\"@type\":\"ImageObject\",\"@id\":\"http:\/\/estherg3-cp6.wordpresstemporal.com\/esthergordocaligrafia.com\/caligrafia-ductus\/#primaryimage\",\"inLanguage\":\"es\",\"url\":\"http:\/\/estherg3-cp6.wordpresstemporal.com\/esthergordocaligrafia.com\/wp-content\/uploads\/2017\/10\/ductus_caligrafico_rect_Esther_Gordo.jpg\",\"contentUrl\":\"http:\/\/estherg3-cp6.wordpresstemporal.com\/esthergordocaligrafia.com\/wp-content\/uploads\/2017\/10\/ductus_caligrafico_rect_Esther_Gordo.jpg\",\"width\":628,\"height\":423,\"caption\":\"Ductus caligrafico.\"},{\"@type\":\"WebPage\",\"@id\":\"http:\/\/estherg3-cp6.wordpresstemporal.com\/esthergordocaligrafia.com\/caligrafia-ductus\/#webpage\",\"url\":\"http:\/\/estherg3-cp6.wordpresstemporal.com\/esthergordocaligrafia.com\/caligrafia-ductus\/\",\"name\":\"Desde cero: el ductus - Conceptos caligr\\u00e1ficos - Esther Gordo Caligraf\\u00eda\",\"isPartOf\":{\"@id\":\"https:\/\/esthergordocaligrafia.com\/#website\"},\"primaryImageOfPage\":{\"@id\":\"http:\/\/estherg3-cp6.wordpresstemporal.com\/esthergordocaligrafia.com\/caligrafia-ductus\/#primaryimage\"},\"datePublished\":\"2017-10-18T15:24:25+00:00\",\"dateModified\":\"2017-10-18T15:32:07+00:00\",\"author\":{\"@id\":\"https:\/\/esthergordocaligrafia.com\/#\/schema\/person\/9fc6722578437d3cf7bab1031997b5f5\"},\"description\":\"Consejos caligr\\u00e1ficos b\\u00e1sicos: \\u00bfQu\\u00e9 es el ductus? El camino que traza la pluma al escribir. Llevamos siglos haci\\u00e9ndolo bien. Nos da velocidad al escribir.\",\"breadcrumb\":{\"@id\":\"http:\/\/estherg3-cp6.wordpresstemporal.com\/esthergordocaligrafia.com\/caligrafia-ductus\/#breadcrumb\"},\"inLanguage\":\"es\",\"potentialAction\":[{\"@type\":\"ReadAction\",\"target\":[\"http:\/\/estherg3-cp6.wordpresstemporal.com\/esthergordocaligrafia.com\/caligrafia-ductus\/\"]}]},{\"@type\":\"BreadcrumbList\",\"@id\":\"http:\/\/estherg3-cp6.wordpresstemporal.com\/esthergordocaligrafia.com\/caligrafia-ductus\/#breadcrumb\",\"itemListElement\":[{\"@type\":\"ListItem\",\"position\":1,\"item\":{\"@type\":\"WebPage\",\"@id\":\"https:\/\/esthergordocaligrafia.com\/\",\"url\":\"https:\/\/esthergordocaligrafia.com\/\",\"name\":\"Portada\"}},{\"@type\":\"ListItem\",\"position\":2,\"item\":{\"@id\":\"http:\/\/estherg3-cp6.wordpresstemporal.com\/esthergordocaligrafia.com\/caligrafia-ductus\/#webpage\"}}]},{\"@type\":\"Person\",\"@id\":\"https:\/\/esthergordocaligrafia.com\/#\/schema\/person\/9fc6722578437d3cf7bab1031997b5f5\",\"name\":\"Esther Gordo\",\"image\":{\"@type\":\"ImageObject\",\"@id\":\"https:\/\/esthergordocaligrafia.com\/#personlogo\",\"inLanguage\":\"es\",\"url\":\"http:\/\/0.gravatar.com\/avatar\/c37a5f0b76d6f9f390919cd73cc176c3?s=96&d=mm&r=g\",\"contentUrl\":\"http:\/\/0.gravatar.com\/avatar\/c37a5f0b76d6f9f390919cd73cc176c3?s=96&d=mm&r=g\",\"caption\":\"Esther Gordo\"},\"description\":\"Caligraf\\u00eda. Trabajos caligr\\u00e1ficos. Cursos de caligraf\\u00eda.\",\"sameAs\":[\"https:\/\/esthergordocaligrafia.com\",\"https:\/\/www.facebook.com\/EstherGordoCaligrafia\",\"https:\/\/twitter.com\/gordoesther\"]}]}<\/script>\n<!-- \/ Yoast SEO plugin. -->","_links":{"self":[{"href":"http:\/\/estherg3-cp6.wordpresstemporal.com\/esthergordocaligrafia.com\/wp-json\/wp\/v2\/posts\/2217"}],"collection":[{"href":"http:\/\/estherg3-cp6.wordpresstemporal.com\/esthergordocaligrafia.com\/wp-json\/wp\/v2\/posts"}],"about":[{"href":"http:\/\/estherg3-cp6.wordpresstemporal.com\/esthergordocaligrafia.com\/wp-json\/wp\/v2\/types\/post"}],"author":[{"embeddable":true,"href":"http:\/\/estherg3-cp6.wordpresstemporal.com\/esthergordocaligrafia.com\/wp-json\/wp\/v2\/users\/1"}],"replies":[{"embeddable":true,"href":"http:\/\/estherg3-cp6.wordpresstemporal.com\/esthergordocaligrafia.com\/wp-json\/wp\/v2\/comments?post=2217"}],"version-history":[{"count":6,"href":"http:\/\/estherg3-cp6.wordpresstemporal.com\/esthergordocaligrafia.com\/wp-json\/wp\/v2\/posts\/2217\/revisions"}],"predecessor-version":[{"id":2227,"href":"http:\/\/estherg3-cp6.wordpresstemporal.com\/esthergordocaligrafia.com\/wp-json\/wp\/v2\/posts\/2217\/revisions\/2227"}],"wp:featuredmedia":[{"embeddable":true,"href":"http:\/\/estherg3-cp6.wordpresstemporal.com\/esthergordocaligrafia.com\/wp-json\/wp\/v2\/media\/2222"}],"wp:attachment":[{"href":"http:\/\/estherg3-cp6.wordpresstemporal.com\/esthergordocaligrafia.com\/wp-json\/wp\/v2\/media?parent=2217"}],"wp:term":[{"taxonomy":"category","embeddable":true,"href":"http:\/\/estherg3-cp6.wordpresstemporal.com\/esthergordocaligrafia.com\/wp-json\/wp\/v2\/categories?post=2217"},{"taxonomy":"post_tag","embeddable":true,"href":"http:\/\/estherg3-cp6.wordpresstemporal.com\/esthergordocaligrafia.com\/wp-json\/wp\/v2\/tags?post=2217"}],"curies":[{"name":"wp","href":"https:\/\/api.w.org\/{rel}","templated":true}]}}